{"id":15354,"date":"2018-08-09T15:35:28","date_gmt":"2018-08-09T13:35:28","guid":{"rendered":"https:\/\/wordpress-783423-2671269.cloudwaysapps.com\/?p=15354"},"modified":"2025-02-06T09:06:11","modified_gmt":"2025-02-06T08:06:11","slug":"serie-ipos-ibos-im-blickpunkt-02-2018","status":"publish","type":"post","link":"https:\/\/www.cometis.de\/de\/serie-ipos-ibos-im-blickpunkt-02-2018\/","title":{"rendered":"Serie \u201eIPOs &#038; IBOs im Blickpunkt\u201c \u2013 02\/2018"},"content":{"rendered":"<h3><span style=\"color: #00225f;\">Ihr Ansprechpartner<\/span><\/h3>\n<div class=\"sidebar-cta\">\n<div class=\"sidebar-cta-img\">\n<div class=\"et_pb_team_member_image et-waypoint et_pb_animation_off et-animated\"><img decoding=\"async\" src=\"https:\/\/cometis.de\/wp-content\/uploads\/2017\/12\/Michael-Diegelmann-cometis-ag_WEB.jpg\" alt=\"Michael Diegelmann\" \/><\/div>\n<\/div>\n<div class=\"sidebar-cta-info\">\n<div class=\"et_pb_team_member_description\">\n<h6>Michael Diegelmann<\/h6>\n<div><a title=\"Rufen Sie an!\" href=\"tel:+49 611 20 58 55 18\"><span class=\"sidebar-phone-link\">+49 611 20 58 55 18<\/span><br \/>\n<\/a><a title=\"Schreiben Sie eine Mail!\" href=\"mailto:diegelmann@cometis.de\"><span class=\"sidebar-mail-link\">diegelmann@cometis.de<\/span><\/a><\/div>\n<\/div>\n<\/div>\n<\/div>\n<p><strong><img fetchpriority=\"high\" decoding=\"async\" class=\"aligncenter size-full wp-image-15863\" src=\"https:\/\/cometis.de\/wp-content\/uploads\/2018\/08\/dieter_mueller.jpg\" alt=\"\" width=\"300\" height=\"241\" \/>Wiesbaden, 10. August 2018 <\/strong>&#8211; Der IPO-Markt hat im ersten Halbjahr 2018 weltweit an Dynamik verloren. Im zweiten Quartal war einer aktuellen Studie von EY zufolge ein R\u00fcckgang auf 325 B\u00f6rseng\u00e4nge festzustellen, 26 Prozent weniger als im Vorjahreszeitraum. Dies hat entsprechend Auswirkungen auf das Emissionsvolumen, welches insgesamt um 19% auf 45 Milliarden Dollar gesunken ist. Als m\u00f6gliche Gr\u00fcnde f\u00fcr die Verunsicherung werden die geopolitischen Spannungen genannt, die zu einer erh\u00f6hten Risikoaversion an den Finanzm\u00e4rkten f\u00fchren. Betrachtet man Deutschland isoliert, kann man sich trotz des bereits sehr starken Jahresauftaktes \u00fcber weitere Neulinge freuen. Die creditshelf Aktiengesellschaft, ein Pionier im Bereich der digitalen Mittelstandsfinanzierung in Deutschland, gelang erfolgreich der Sprung auf das B\u00f6rsenparkett. Seit dem 25.07.2018 werden die Aktien im regulierten Markt (Prime Standard) der Frankfurter Wertpapierb\u00f6rse gehandelt.\u00a0Au\u00dferdem steht der wahrscheinlich zweitgr\u00f6\u00dfte B\u00f6rsengang des Jahres schon in den Startl\u00f6chern. Knorr-Bremse, der Weltmarktf\u00fchrer f\u00fcr Zug und LKW Bremsen, plant seinen IPO f\u00fcr Oktober. Sch\u00e4tzungen zufolge soll der B\u00f6rsengang ca. 4 Milliarden Euro einbringen. Dieses Ergebnis w\u00e4re vergleichbar mit dem Erl\u00f6s von Siemens Healthineers, welche sich im M\u00e4rz \u00fcber Emissionserl\u00f6se von 4,2 Milliarden Euro freuen durften.<\/p>\n<h2>Mit cometis immer gut beraten<\/h2>\n<p>Wenn auch Sie einen B\u00f6rsengang planen oder noch Unterst\u00fctzung bei Ihrem IPO ben\u00f6tigen, dann ist die cometis AG Ihr zuverl\u00e4ssiger Partner f\u00fcr Ihre IPO Kommunikation. Informieren Sie sich im Bereich IPO auf unserer Webseite \u00fcber unser breites Leistungsspektrum in der <a title=\"Ihr zuverl\u00e4ssiger Partner in allen Fragen der IPO Kommunikation\" href=\"https:\/\/cometis.de\/ipo\">IPO Kommunikation<\/a>.<\/p>\n","protected":false},"excerpt":{"rendered":"<p>Wiesbaden, 10. August 2018 &#8211; Der IPO-Markt hat im ersten Halbjahr 2018 weltweit an Dynamik verloren. Im zweiten Quartal war einer aktuellen Studie von EY zufolge ein R\u00fcckgang auf 325 B\u00f6rseng\u00e4nge festzustellen, 26 Prozent weniger als im Vorjahreszeitraum. Dies hat entsprechend Auswirkungen auf das Emissionsvolumen, welches insgesamt um 19% auf 45 Milliarden Dollar gesunken ist.<\/p>\n","protected":false},"author":2,"featured_media":98872,"comment_status":"closed","ping_status":"open","sticky":false,"template":"","format":"standard","meta":{"_acf_changed":false,"footnotes":""},"categories":[88,100],"tags":[213],"class_list":["post-15354","post","type-post","status-publish","format-standard","has-post-thumbnail","hentry","category-news","category-pressemitteilung","tag-213"],"acf":[],"yoast_head":"<!-- This site is optimized with the Yoast SEO Premium plugin v26.2 (Yoast SEO v27.4) - https:\/\/yoast.com\/product\/yoast-seo-premium-wordpress\/ -->\n<title>Serie \u201eIPOs &amp; IBOs im Blickpunkt\u201c \u2013 02\/2018 - cometis AG<\/title>\n<meta name=\"robots\" content=\"index, follow, max-snippet:-1, max-image-preview:large, max-video-preview:-1\" \/>\n<link rel=\"canonical\" href=\"https:\/\/www.cometis.de\/de\/serie-ipos-ibos-im-blickpunkt-02-2018\/\" \/>\n<meta property=\"og:locale\" content=\"de_DE\" \/>\n<meta property=\"og:type\" content=\"article\" \/>\n<meta property=\"og:title\" content=\"Serie \u201eIPOs &amp; IBOs im Blickpunkt\u201c \u2013 02\/2018\" \/>\n<meta property=\"og:description\" content=\"Wiesbaden, 10. August 2018 - Der IPO-Markt hat im ersten Halbjahr 2018 weltweit an Dynamik verloren. Im zweiten Quartal war einer aktuellen Studie von EY zufolge ein R\u00fcckgang auf 325 B\u00f6rseng\u00e4nge festzustellen, 26 Prozent weniger als im Vorjahreszeitraum. Dies hat entsprechend Auswirkungen auf das Emissionsvolumen, welches insgesamt um 19% auf 45 Milliarden Dollar gesunken ist.\" \/>\n<meta property=\"og:url\" content=\"https:\/\/www.cometis.de\/de\/serie-ipos-ibos-im-blickpunkt-02-2018\/\" \/>\n<meta property=\"og:site_name\" content=\"cometis AG\" \/>\n<meta property=\"article:published_time\" content=\"2018-08-09T13:35:28+00:00\" \/>\n<meta property=\"article:modified_time\" content=\"2025-02-06T08:06:11+00:00\" \/>\n<meta property=\"og:image\" content=\"https:\/\/www.cometis.de\/wp-content\/uploads\/2024\/12-old\/Cometis-Mobile-Logo-1.png\" \/>\n\t<meta property=\"og:image:width\" content=\"171\" \/>\n\t<meta property=\"og:image:height\" content=\"31\" \/>\n\t<meta property=\"og:image:type\" content=\"image\/png\" \/>\n<meta name=\"author\" content=\"Assistenz cometis AG\" \/>\n<meta name=\"twitter:card\" content=\"summary_large_image\" \/>\n<meta name=\"twitter:label1\" content=\"Verfasst von\" \/>\n\t<meta name=\"twitter:data1\" content=\"Assistenz cometis AG\" \/>\n\t<meta name=\"twitter:label2\" content=\"Gesch\u00e4tzte Lesezeit\" \/>\n\t<meta name=\"twitter:data2\" content=\"2\u00a0Minuten\" \/>\n<script type=\"application\/ld+json\" class=\"yoast-schema-graph\">{\"@context\":\"https:\\\/\\\/schema.org\",\"@graph\":[{\"@type\":\"Article\",\"@id\":\"https:\\\/\\\/www.cometis.de\\\/de\\\/serie-ipos-ibos-im-blickpunkt-02-2018\\\/#article\",\"isPartOf\":{\"@id\":\"https:\\\/\\\/www.cometis.de\\\/de\\\/serie-ipos-ibos-im-blickpunkt-02-2018\\\/\"},\"author\":{\"name\":\"Assistenz cometis AG\",\"@id\":\"https:\\\/\\\/www.cometis.de\\\/de\\\/#\\\/schema\\\/person\\\/5359bae3178840cd846706150aa69cd1\"},\"headline\":\"Serie \u201eIPOs &#038; IBOs im Blickpunkt\u201c \u2013 02\\\/2018\",\"datePublished\":\"2018-08-09T13:35:28+00:00\",\"dateModified\":\"2025-02-06T08:06:11+00:00\",\"mainEntityOfPage\":{\"@id\":\"https:\\\/\\\/www.cometis.de\\\/de\\\/serie-ipos-ibos-im-blickpunkt-02-2018\\\/\"},\"wordCount\":261,\"publisher\":{\"@id\":\"https:\\\/\\\/www.cometis.de\\\/de\\\/#organization\"},\"image\":{\"@id\":\"https:\\\/\\\/www.cometis.de\\\/de\\\/serie-ipos-ibos-im-blickpunkt-02-2018\\\/#primaryimage\"},\"thumbnailUrl\":\"https:\\\/\\\/www.cometis.de\\\/wp-content\\\/uploads\\\/2022\\\/06\\\/icon_newsroom.svg\",\"keywords\":[\"2018\"],\"articleSection\":[\"News\",\"Pressemitteilung\"],\"inLanguage\":\"de\"},{\"@type\":\"WebPage\",\"@id\":\"https:\\\/\\\/www.cometis.de\\\/de\\\/serie-ipos-ibos-im-blickpunkt-02-2018\\\/\",\"url\":\"https:\\\/\\\/www.cometis.de\\\/de\\\/serie-ipos-ibos-im-blickpunkt-02-2018\\\/\",\"name\":\"Serie \u201eIPOs & IBOs im Blickpunkt\u201c \u2013 02\\\/2018 - cometis AG\",\"isPartOf\":{\"@id\":\"https:\\\/\\\/www.cometis.de\\\/de\\\/#website\"},\"primaryImageOfPage\":{\"@id\":\"https:\\\/\\\/www.cometis.de\\\/de\\\/serie-ipos-ibos-im-blickpunkt-02-2018\\\/#primaryimage\"},\"image\":{\"@id\":\"https:\\\/\\\/www.cometis.de\\\/de\\\/serie-ipos-ibos-im-blickpunkt-02-2018\\\/#primaryimage\"},\"thumbnailUrl\":\"https:\\\/\\\/www.cometis.de\\\/wp-content\\\/uploads\\\/2022\\\/06\\\/icon_newsroom.svg\",\"datePublished\":\"2018-08-09T13:35:28+00:00\",\"dateModified\":\"2025-02-06T08:06:11+00:00\",\"breadcrumb\":{\"@id\":\"https:\\\/\\\/www.cometis.de\\\/de\\\/serie-ipos-ibos-im-blickpunkt-02-2018\\\/#breadcrumb\"},\"inLanguage\":\"de\",\"potentialAction\":[{\"@type\":\"ReadAction\",\"target\":[\"https:\\\/\\\/www.cometis.de\\\/de\\\/serie-ipos-ibos-im-blickpunkt-02-2018\\\/\"]}]},{\"@type\":\"ImageObject\",\"inLanguage\":\"de\",\"@id\":\"https:\\\/\\\/www.cometis.de\\\/de\\\/serie-ipos-ibos-im-blickpunkt-02-2018\\\/#primaryimage\",\"url\":\"https:\\\/\\\/www.cometis.de\\\/wp-content\\\/uploads\\\/2022\\\/06\\\/icon_newsroom.svg\",\"contentUrl\":\"https:\\\/\\\/www.cometis.de\\\/wp-content\\\/uploads\\\/2022\\\/06\\\/icon_newsroom.svg\",\"width\":172,\"height\":172},{\"@type\":\"BreadcrumbList\",\"@id\":\"https:\\\/\\\/www.cometis.de\\\/de\\\/serie-ipos-ibos-im-blickpunkt-02-2018\\\/#breadcrumb\",\"itemListElement\":[{\"@type\":\"ListItem\",\"position\":1,\"name\":\"Home\",\"item\":\"https:\\\/\\\/www.cometis.de\\\/de\\\/\"},{\"@type\":\"ListItem\",\"position\":2,\"name\":\"News\",\"item\":\"https:\\\/\\\/www.cometis.de\\\/de\\\/category\\\/news\\\/\"},{\"@type\":\"ListItem\",\"position\":3,\"name\":\"Serie \u201eIPOs &#038; IBOs im Blickpunkt\u201c \u2013 02\\\/2018\"}]},{\"@type\":\"WebSite\",\"@id\":\"https:\\\/\\\/www.cometis.de\\\/de\\\/#website\",\"url\":\"https:\\\/\\\/www.cometis.de\\\/de\\\/\",\"name\":\"cometis AG\",\"description\":\"Deutschlands f\u00fchrende Investor Relations Agentur\",\"publisher\":{\"@id\":\"https:\\\/\\\/www.cometis.de\\\/de\\\/#organization\"},\"potentialAction\":[{\"@type\":\"SearchAction\",\"target\":{\"@type\":\"EntryPoint\",\"urlTemplate\":\"https:\\\/\\\/www.cometis.de\\\/de\\\/?s={search_term_string}\"},\"query-input\":{\"@type\":\"PropertyValueSpecification\",\"valueRequired\":true,\"valueName\":\"search_term_string\"}}],\"inLanguage\":\"de\"},{\"@type\":\"Organization\",\"@id\":\"https:\\\/\\\/www.cometis.de\\\/de\\\/#organization\",\"name\":\"cometis AG\",\"alternateName\":\"Deutschlands f\u00fchrende Investor Relations Agentur\",\"url\":\"https:\\\/\\\/www.cometis.de\\\/de\\\/\",\"logo\":{\"@type\":\"ImageObject\",\"inLanguage\":\"de\",\"@id\":\"https:\\\/\\\/www.cometis.de\\\/de\\\/#\\\/schema\\\/logo\\\/image\\\/\",\"url\":\"https:\\\/\\\/www.cometis.de\\\/wp-content\\\/uploads\\\/2024\\\/12-old\\\/Cometis-Mobile-Logo-1.png\",\"contentUrl\":\"https:\\\/\\\/www.cometis.de\\\/wp-content\\\/uploads\\\/2024\\\/12-old\\\/Cometis-Mobile-Logo-1.png\",\"width\":171,\"height\":31,\"caption\":\"cometis AG\"},\"image\":{\"@id\":\"https:\\\/\\\/www.cometis.de\\\/de\\\/#\\\/schema\\\/logo\\\/image\\\/\"},\"sameAs\":[\"https:\\\/\\\/www.linkedin.com\\\/company\\\/cometis-ag\\\/\",\"https:\\\/\\\/www.youtube.com\\\/user\\\/cometisAG\"]},{\"@type\":\"Person\",\"@id\":\"https:\\\/\\\/www.cometis.de\\\/de\\\/#\\\/schema\\\/person\\\/5359bae3178840cd846706150aa69cd1\",\"name\":\"Assistenz cometis AG\",\"image\":{\"@type\":\"ImageObject\",\"inLanguage\":\"de\",\"@id\":\"https:\\\/\\\/secure.gravatar.com\\\/avatar\\\/43da04bfaca4f56c43243bf29c1e464e0dbbc04dfd398bead7b5594ba02bcec9?s=96&d=mm&r=g\",\"url\":\"https:\\\/\\\/secure.gravatar.com\\\/avatar\\\/43da04bfaca4f56c43243bf29c1e464e0dbbc04dfd398bead7b5594ba02bcec9?s=96&d=mm&r=g\",\"contentUrl\":\"https:\\\/\\\/secure.gravatar.com\\\/avatar\\\/43da04bfaca4f56c43243bf29c1e464e0dbbc04dfd398bead7b5594ba02bcec9?s=96&d=mm&r=g\",\"caption\":\"Assistenz cometis AG\"},\"url\":\"https:\\\/\\\/www.cometis.de\\\/de\\\/author\\\/assistenz-cometis-ag\\\/\"}]}<\/script>\n<!-- \/ Yoast SEO Premium plugin. -->","yoast_head_json":{"title":"Serie \u201eIPOs & IBOs im Blickpunkt\u201c \u2013 02\/2018 - cometis AG","robots":{"index":"index","follow":"follow","max-snippet":"max-snippet:-1","max-image-preview":"max-image-preview:large","max-video-preview":"max-video-preview:-1"},"canonical":"https:\/\/www.cometis.de\/de\/serie-ipos-ibos-im-blickpunkt-02-2018\/","og_locale":"de_DE","og_type":"article","og_title":"Serie \u201eIPOs & IBOs im Blickpunkt\u201c \u2013 02\/2018","og_description":"Wiesbaden, 10. August 2018 - Der IPO-Markt hat im ersten Halbjahr 2018 weltweit an Dynamik verloren. Im zweiten Quartal war einer aktuellen Studie von EY zufolge ein R\u00fcckgang auf 325 B\u00f6rseng\u00e4nge festzustellen, 26 Prozent weniger als im Vorjahreszeitraum. Dies hat entsprechend Auswirkungen auf das Emissionsvolumen, welches insgesamt um 19% auf 45 Milliarden Dollar gesunken ist.","og_url":"https:\/\/www.cometis.de\/de\/serie-ipos-ibos-im-blickpunkt-02-2018\/","og_site_name":"cometis AG","article_published_time":"2018-08-09T13:35:28+00:00","article_modified_time":"2025-02-06T08:06:11+00:00","og_image":[{"width":171,"height":31,"url":"https:\/\/www.cometis.de\/wp-content\/uploads\/2024\/12-old\/Cometis-Mobile-Logo-1.png","type":"image\/png"}],"author":"Assistenz cometis AG","twitter_card":"summary_large_image","twitter_misc":{"Verfasst von":"Assistenz cometis AG","Gesch\u00e4tzte Lesezeit":"2\u00a0Minuten"},"schema":{"@context":"https:\/\/schema.org","@graph":[{"@type":"Article","@id":"https:\/\/www.cometis.de\/de\/serie-ipos-ibos-im-blickpunkt-02-2018\/#article","isPartOf":{"@id":"https:\/\/www.cometis.de\/de\/serie-ipos-ibos-im-blickpunkt-02-2018\/"},"author":{"name":"Assistenz cometis AG","@id":"https:\/\/www.cometis.de\/de\/#\/schema\/person\/5359bae3178840cd846706150aa69cd1"},"headline":"Serie \u201eIPOs &#038; IBOs im Blickpunkt\u201c \u2013 02\/2018","datePublished":"2018-08-09T13:35:28+00:00","dateModified":"2025-02-06T08:06:11+00:00","mainEntityOfPage":{"@id":"https:\/\/www.cometis.de\/de\/serie-ipos-ibos-im-blickpunkt-02-2018\/"},"wordCount":261,"publisher":{"@id":"https:\/\/www.cometis.de\/de\/#organization"},"image":{"@id":"https:\/\/www.cometis.de\/de\/serie-ipos-ibos-im-blickpunkt-02-2018\/#primaryimage"},"thumbnailUrl":"https:\/\/www.cometis.de\/wp-content\/uploads\/2022\/06\/icon_newsroom.svg","keywords":["2018"],"articleSection":["News","Pressemitteilung"],"inLanguage":"de"},{"@type":"WebPage","@id":"https:\/\/www.cometis.de\/de\/serie-ipos-ibos-im-blickpunkt-02-2018\/","url":"https:\/\/www.cometis.de\/de\/serie-ipos-ibos-im-blickpunkt-02-2018\/","name":"Serie \u201eIPOs & IBOs im Blickpunkt\u201c \u2013 02\/2018 - cometis AG","isPartOf":{"@id":"https:\/\/www.cometis.de\/de\/#website"},"primaryImageOfPage":{"@id":"https:\/\/www.cometis.de\/de\/serie-ipos-ibos-im-blickpunkt-02-2018\/#primaryimage"},"image":{"@id":"https:\/\/www.cometis.de\/de\/serie-ipos-ibos-im-blickpunkt-02-2018\/#primaryimage"},"thumbnailUrl":"https:\/\/www.cometis.de\/wp-content\/uploads\/2022\/06\/icon_newsroom.svg","datePublished":"2018-08-09T13:35:28+00:00","dateModified":"2025-02-06T08:06:11+00:00","breadcrumb":{"@id":"https:\/\/www.cometis.de\/de\/serie-ipos-ibos-im-blickpunkt-02-2018\/#breadcrumb"},"inLanguage":"de","potentialAction":[{"@type":"ReadAction","target":["https:\/\/www.cometis.de\/de\/serie-ipos-ibos-im-blickpunkt-02-2018\/"]}]},{"@type":"ImageObject","inLanguage":"de","@id":"https:\/\/www.cometis.de\/de\/serie-ipos-ibos-im-blickpunkt-02-2018\/#primaryimage","url":"https:\/\/www.cometis.de\/wp-content\/uploads\/2022\/06\/icon_newsroom.svg","contentUrl":"https:\/\/www.cometis.de\/wp-content\/uploads\/2022\/06\/icon_newsroom.svg","width":172,"height":172},{"@type":"BreadcrumbList","@id":"https:\/\/www.cometis.de\/de\/serie-ipos-ibos-im-blickpunkt-02-2018\/#breadcrumb","itemListElement":[{"@type":"ListItem","position":1,"name":"Home","item":"https:\/\/www.cometis.de\/de\/"},{"@type":"ListItem","position":2,"name":"News","item":"https:\/\/www.cometis.de\/de\/category\/news\/"},{"@type":"ListItem","position":3,"name":"Serie \u201eIPOs &#038; IBOs im Blickpunkt\u201c \u2013 02\/2018"}]},{"@type":"WebSite","@id":"https:\/\/www.cometis.de\/de\/#website","url":"https:\/\/www.cometis.de\/de\/","name":"cometis AG","description":"Deutschlands f\u00fchrende Investor Relations Agentur","publisher":{"@id":"https:\/\/www.cometis.de\/de\/#organization"},"potentialAction":[{"@type":"SearchAction","target":{"@type":"EntryPoint","urlTemplate":"https:\/\/www.cometis.de\/de\/?s={search_term_string}"},"query-input":{"@type":"PropertyValueSpecification","valueRequired":true,"valueName":"search_term_string"}}],"inLanguage":"de"},{"@type":"Organization","@id":"https:\/\/www.cometis.de\/de\/#organization","name":"cometis AG","alternateName":"Deutschlands f\u00fchrende Investor Relations Agentur","url":"https:\/\/www.cometis.de\/de\/","logo":{"@type":"ImageObject","inLanguage":"de","@id":"https:\/\/www.cometis.de\/de\/#\/schema\/logo\/image\/","url":"https:\/\/www.cometis.de\/wp-content\/uploads\/2024\/12-old\/Cometis-Mobile-Logo-1.png","contentUrl":"https:\/\/www.cometis.de\/wp-content\/uploads\/2024\/12-old\/Cometis-Mobile-Logo-1.png","width":171,"height":31,"caption":"cometis AG"},"image":{"@id":"https:\/\/www.cometis.de\/de\/#\/schema\/logo\/image\/"},"sameAs":["https:\/\/www.linkedin.com\/company\/cometis-ag\/","https:\/\/www.youtube.com\/user\/cometisAG"]},{"@type":"Person","@id":"https:\/\/www.cometis.de\/de\/#\/schema\/person\/5359bae3178840cd846706150aa69cd1","name":"Assistenz cometis AG","image":{"@type":"ImageObject","inLanguage":"de","@id":"https:\/\/secure.gravatar.com\/avatar\/43da04bfaca4f56c43243bf29c1e464e0dbbc04dfd398bead7b5594ba02bcec9?s=96&d=mm&r=g","url":"https:\/\/secure.gravatar.com\/avatar\/43da04bfaca4f56c43243bf29c1e464e0dbbc04dfd398bead7b5594ba02bcec9?s=96&d=mm&r=g","contentUrl":"https:\/\/secure.gravatar.com\/avatar\/43da04bfaca4f56c43243bf29c1e464e0dbbc04dfd398bead7b5594ba02bcec9?s=96&d=mm&r=g","caption":"Assistenz cometis AG"},"url":"https:\/\/www.cometis.de\/de\/author\/assistenz-cometis-ag\/"}]}},"_links":{"self":[{"href":"https:\/\/www.cometis.de\/de\/wp-json\/wp\/v2\/posts\/15354","targetHints":{"allow":["GET"]}}],"collection":[{"href":"https:\/\/www.cometis.de\/de\/wp-json\/wp\/v2\/posts"}],"about":[{"href":"https:\/\/www.cometis.de\/de\/wp-json\/wp\/v2\/types\/post"}],"author":[{"embeddable":true,"href":"https:\/\/www.cometis.de\/de\/wp-json\/wp\/v2\/users\/2"}],"replies":[{"embeddable":true,"href":"https:\/\/www.cometis.de\/de\/wp-json\/wp\/v2\/comments?post=15354"}],"version-history":[{"count":0,"href":"https:\/\/www.cometis.de\/de\/wp-json\/wp\/v2\/posts\/15354\/revisions"}],"wp:featuredmedia":[{"embeddable":true,"href":"https:\/\/www.cometis.de\/de\/wp-json\/wp\/v2\/media\/98872"}],"wp:attachment":[{"href":"https:\/\/www.cometis.de\/de\/wp-json\/wp\/v2\/media?parent=15354"}],"wp:term":[{"taxonomy":"category","embeddable":true,"href":"https:\/\/www.cometis.de\/de\/wp-json\/wp\/v2\/categories?post=15354"},{"taxonomy":"post_tag","embeddable":true,"href":"https:\/\/www.cometis.de\/de\/wp-json\/wp\/v2\/tags?post=15354"}],"curies":[{"name":"wp","href":"https:\/\/api.w.org\/{rel}","templated":true}]}}