{"id":16897,"date":"2016-09-22T11:26:29","date_gmt":"2016-09-22T09:26:29","guid":{"rendered":"https:\/\/wordpress-783423-2671269.cloudwaysapps.com\/?p=16897"},"modified":"2025-01-29T13:14:34","modified_gmt":"2025-01-29T12:14:34","slug":"22-september-2016-manz-ag-vorstand-wird-um-chief-restructuring-officer-cro-verstaerkt","status":"publish","type":"post","link":"https:\/\/www.cometis.de\/de\/22-september-2016-manz-ag-vorstand-wird-um-chief-restructuring-officer-cro-verstaerkt\/","title":{"rendered":"22. September 2016 | Manz AG Vorstand wird um Chief Restructuring Officer (CRO) verst\u00e4rkt"},"content":{"rendered":"<style>\n.zur\u00fcckbutton:before {\n    display: inline-block;\n    font-family: \"ETmodules\";\n    content: \"4a\";\n    color: #00225f;\n    margin-right: 7px;\n}\n.zur\u00fcckbutton:hover:before {\n    display: inline-block;\n    font-family: \"ETmodules\";\n    content: \"4a\";\n    color: #d85710;\n    margin-right: 7px;\n}\n<\/style>\n<h1 style=\"text-align: justify;\">Corporate News<\/h1>\n<p> <a class=\"zur\u00fcckbutton\" href=\"https:\/\/cometis.de\/veroeffentlichungsarchiv-manz-ag\">zum Archiv<\/a><\/p>\n<h1><strong>Manz AG: Vorstand wird um Chief Restructuring Officer (CRO) verst\u00e4rkt<\/strong><\/h1>\n<p><strong>22.09.2016&nbsp;|&nbsp;Reutlingen<\/strong><\/p>\n<ul>\n<li>Restrukturierungsexperte Eckhard H\u00f6rner-Marass als CRO in den Vorstand berufen<\/li>\n<li>Effiziente Unternehmensprozesse und robusteres Gesch\u00e4ftsmodell als Basis f\u00fcr zuk\u00fcnftiges ertragsorientiertes Unternehmenswachstum<\/li>\n<\/ul>\n<p>Die Manz AG, weltweit agierender Hightech-Maschinenbauer mit umfassendem Technologieportfolio f\u00fcr die drei strategischen Gesch\u00e4ftsbereiche \u201eElectronics\u201c, \u201eSolar\u201c und \u201eEnergy Storage\u201c, erweitert ihren Vorstand mit Wirkung vom 1. Oktober 2016 um die Position eines Chief Restructuring Officers. Besetzt wird die neue Position mit Eckhard H\u00f6rner-Marass (56).<\/p>\n<p>Als CRO \u00fcbernimmt Herr H\u00f6rner-Marass im Vorstand federf\u00fchrend die Verantwortung f\u00fcr die operative Umsetzung und Etablierung der bereits zum Jahresende 2015 initiierten Restrukturierungsma\u00dfnahmen im Konzern. Ziel des Programms \u201eManz 2.0\u201c ist es, die Unternehmensstrategie, -strukturen und -prozesse zu verbessern, um auf Basis eines robusteren Gesch\u00e4ftsmodells zuk\u00fcnftig wieder profitabel wachsen zu k\u00f6nnen. Eckhard H\u00f6rner-Marass ist Dipl.-Ing. (FH) Maschinenbau und verf\u00fcgt \u00fcber langj\u00e4hrige F\u00fchrungs- und Managementerfahrung in unterschiedlichen Funktionen bei namhaften Unternehmen aus dem Maschinen- und Anlagenbau. Als zertifizierter Restrukturierungs-\/Sanierungsberater der SRH Hochschule Heidelberg wird Herr H\u00f6rner-Marass die \u00fcbrigen Vorstandsmitglieder erheblich um die nach innen und au\u00dfen gerichteten Ma\u00dfnahmen des Restrukturierungsprogramms \u201eManz 2.0\u201c entlasten und mit seiner strategischen Expertise im internationalen Maschinenbauumfeld die weitere Gesch\u00e4ftsentwicklung mit voranbringen.<\/p>\n<p>Dieter Manz, Vorstandsvorsitzender der Manz AG: \u201eMit Eckhard H\u00f6rner-Marass verst\u00e4rken wir den Vorstand der Manz AG mit zus\u00e4tzlicher Expertise f\u00fcr unseren Restrukturierungsprozess. Wir freuen uns, ihn f\u00fcr die Manz AG gewonnen zu haben und sehen mit gro\u00dfer Zuversicht einer f\u00fcr die Gesellschaft und ihre Stakeholder erfolgreichen Zusammenarbeit entgegen.\u201c<\/p>\n<div class=\"leseprobe-archiv\"><a title=\"Beitrag als PDF\" href=\"https:\/\/www.manz.com\/stella\/files\/160922_Manz-AG_CRO_final_DE.pdf57e2b32210b46\/160922_Manz-AG_CRO_final_DE.pdf?download=1\" target=\"_blank\" rel=\"noopener\">Beitrag als PDF<\/a><\/div>\n<style>\n.leseprobe-archiv {\n    color: #00225f !important;\n    border-color: #00225f;\n    position: relative;\n    padding: 0.3em 1em;\n    border: 1px solid;\n    -webkit-border-radius: 3px;\n    -moz-border-radius: 3px;\n    border-radius: 3px;\n   -webkit-transition: all 0.2s;\n    -moz-transition: all 0.2s;\n    transition: all 0.2s;\n    padding:10px;\n    width: 19%;\n    text-align: center;\n    margin-right: 10px;\n    float:left;\n}\n.leseprobe-archiv:hover {\n    background-color: #eee;\n    border-color: #ffffff;\n    cursor: pointer;\n}\n<\/style>\n","protected":false},"excerpt":{"rendered":"<p>Corporate News zum Archiv Manz AG: Vorstand wird um Chief Restructuring Officer (CRO) verst\u00e4rkt 22.09.2016&nbsp;|&nbsp;Reutlingen Restrukturierungsexperte Eckhard H\u00f6rner-Marass als CRO in den Vorstand berufen Effiziente Unternehmensprozesse und robusteres Gesch\u00e4ftsmodell als Basis f\u00fcr zuk\u00fcnftiges ertragsorientiertes Unternehmenswachstum Die Manz AG, weltweit agierender Hightech-Maschinenbauer mit umfassendem Technologieportfolio f\u00fcr die drei strategischen Gesch\u00e4ftsbereiche \u201eElectronics\u201c, \u201eSolar\u201c und \u201eEnergy Storage\u201c, erweitert [&hellip;]<\/p>\n","protected":false},"author":2,"featured_media":98872,"comment_status":"closed","ping_status":"open","sticky":false,"template":"","format":"standard","meta":{"_acf_changed":false,"footnotes":""},"categories":[125,88],"tags":[121],"class_list":["post-16897","post","type-post","status-publish","format-standard","has-post-thumbnail","hentry","category-manz-ag-corporate-news","category-news","tag-121"],"acf":[],"yoast_head":"<!-- This site is optimized with the Yoast SEO Premium plugin v26.2 (Yoast SEO v27.4) - https:\/\/yoast.com\/product\/yoast-seo-premium-wordpress\/ -->\n<title>22. September 2016 | Manz AG Vorstand wird um Chief Restructuring Officer (CRO) verst\u00e4rkt - cometis AG<\/title>\n<meta name=\"robots\" content=\"index, follow, max-snippet:-1, max-image-preview:large, max-video-preview:-1\" \/>\n<link rel=\"canonical\" href=\"https:\/\/www.cometis.de\/de\/22-september-2016-manz-ag-vorstand-wird-um-chief-restructuring-officer-cro-verstaerkt\/\" \/>\n<meta property=\"og:locale\" content=\"de_DE\" \/>\n<meta property=\"og:type\" content=\"article\" \/>\n<meta property=\"og:title\" content=\"22. September 2016 | Manz AG Vorstand wird um Chief Restructuring Officer (CRO) verst\u00e4rkt\" \/>\n<meta property=\"og:description\" content=\"Corporate News zum Archiv Manz AG: Vorstand wird um Chief Restructuring Officer (CRO) verst\u00e4rkt 22.09.2016&nbsp;|&nbsp;Reutlingen Restrukturierungsexperte Eckhard H\u00f6rner-Marass als CRO in den Vorstand berufen Effiziente Unternehmensprozesse und robusteres Gesch\u00e4ftsmodell als Basis f\u00fcr zuk\u00fcnftiges ertragsorientiertes Unternehmenswachstum Die Manz AG, weltweit agierender Hightech-Maschinenbauer mit umfassendem Technologieportfolio f\u00fcr die drei strategischen Gesch\u00e4ftsbereiche \u201eElectronics\u201c, \u201eSolar\u201c und \u201eEnergy Storage\u201c, erweitert [&hellip;]\" \/>\n<meta property=\"og:url\" content=\"https:\/\/www.cometis.de\/de\/22-september-2016-manz-ag-vorstand-wird-um-chief-restructuring-officer-cro-verstaerkt\/\" \/>\n<meta property=\"og:site_name\" content=\"cometis AG\" \/>\n<meta property=\"article:published_time\" content=\"2016-09-22T09:26:29+00:00\" \/>\n<meta property=\"article:modified_time\" content=\"2025-01-29T12:14:34+00:00\" \/>\n<meta property=\"og:image\" content=\"https:\/\/www.cometis.de\/wp-content\/uploads\/2024\/12-old\/Cometis-Mobile-Logo-1.png\" \/>\n\t<meta property=\"og:image:width\" content=\"171\" \/>\n\t<meta property=\"og:image:height\" content=\"31\" \/>\n\t<meta property=\"og:image:type\" content=\"image\/png\" \/>\n<meta name=\"author\" content=\"Assistenz cometis AG\" \/>\n<meta name=\"twitter:card\" content=\"summary_large_image\" \/>\n<meta name=\"twitter:label1\" content=\"Verfasst von\" \/>\n\t<meta name=\"twitter:data1\" content=\"Assistenz cometis AG\" \/>\n\t<meta name=\"twitter:label2\" content=\"Gesch\u00e4tzte Lesezeit\" \/>\n\t<meta name=\"twitter:data2\" content=\"1\u00a0Minute\" \/>\n<script type=\"application\/ld+json\" class=\"yoast-schema-graph\">{\"@context\":\"https:\\\/\\\/schema.org\",\"@graph\":[{\"@type\":\"Article\",\"@id\":\"https:\\\/\\\/www.cometis.de\\\/de\\\/22-september-2016-manz-ag-vorstand-wird-um-chief-restructuring-officer-cro-verstaerkt\\\/#article\",\"isPartOf\":{\"@id\":\"https:\\\/\\\/www.cometis.de\\\/de\\\/22-september-2016-manz-ag-vorstand-wird-um-chief-restructuring-officer-cro-verstaerkt\\\/\"},\"author\":{\"name\":\"Assistenz cometis AG\",\"@id\":\"https:\\\/\\\/www.cometis.de\\\/de\\\/#\\\/schema\\\/person\\\/5359bae3178840cd846706150aa69cd1\"},\"headline\":\"22. September 2016 | Manz AG Vorstand wird um Chief Restructuring Officer (CRO) verst\u00e4rkt\",\"datePublished\":\"2016-09-22T09:26:29+00:00\",\"dateModified\":\"2025-01-29T12:14:34+00:00\",\"mainEntityOfPage\":{\"@id\":\"https:\\\/\\\/www.cometis.de\\\/de\\\/22-september-2016-manz-ag-vorstand-wird-um-chief-restructuring-officer-cro-verstaerkt\\\/\"},\"wordCount\":285,\"publisher\":{\"@id\":\"https:\\\/\\\/www.cometis.de\\\/de\\\/#organization\"},\"image\":{\"@id\":\"https:\\\/\\\/www.cometis.de\\\/de\\\/22-september-2016-manz-ag-vorstand-wird-um-chief-restructuring-officer-cro-verstaerkt\\\/#primaryimage\"},\"thumbnailUrl\":\"https:\\\/\\\/www.cometis.de\\\/wp-content\\\/uploads\\\/2022\\\/06\\\/icon_newsroom.svg\",\"keywords\":[\"2016\"],\"articleSection\":[\"Manz AG Corporate News\",\"News\"],\"inLanguage\":\"de\"},{\"@type\":\"WebPage\",\"@id\":\"https:\\\/\\\/www.cometis.de\\\/de\\\/22-september-2016-manz-ag-vorstand-wird-um-chief-restructuring-officer-cro-verstaerkt\\\/\",\"url\":\"https:\\\/\\\/www.cometis.de\\\/de\\\/22-september-2016-manz-ag-vorstand-wird-um-chief-restructuring-officer-cro-verstaerkt\\\/\",\"name\":\"22. September 2016 | Manz AG Vorstand wird um Chief Restructuring Officer (CRO) verst\u00e4rkt - cometis AG\",\"isPartOf\":{\"@id\":\"https:\\\/\\\/www.cometis.de\\\/de\\\/#website\"},\"primaryImageOfPage\":{\"@id\":\"https:\\\/\\\/www.cometis.de\\\/de\\\/22-september-2016-manz-ag-vorstand-wird-um-chief-restructuring-officer-cro-verstaerkt\\\/#primaryimage\"},\"image\":{\"@id\":\"https:\\\/\\\/www.cometis.de\\\/de\\\/22-september-2016-manz-ag-vorstand-wird-um-chief-restructuring-officer-cro-verstaerkt\\\/#primaryimage\"},\"thumbnailUrl\":\"https:\\\/\\\/www.cometis.de\\\/wp-content\\\/uploads\\\/2022\\\/06\\\/icon_newsroom.svg\",\"datePublished\":\"2016-09-22T09:26:29+00:00\",\"dateModified\":\"2025-01-29T12:14:34+00:00\",\"breadcrumb\":{\"@id\":\"https:\\\/\\\/www.cometis.de\\\/de\\\/22-september-2016-manz-ag-vorstand-wird-um-chief-restructuring-officer-cro-verstaerkt\\\/#breadcrumb\"},\"inLanguage\":\"de\",\"potentialAction\":[{\"@type\":\"ReadAction\",\"target\":[\"https:\\\/\\\/www.cometis.de\\\/de\\\/22-september-2016-manz-ag-vorstand-wird-um-chief-restructuring-officer-cro-verstaerkt\\\/\"]}]},{\"@type\":\"ImageObject\",\"inLanguage\":\"de\",\"@id\":\"https:\\\/\\\/www.cometis.de\\\/de\\\/22-september-2016-manz-ag-vorstand-wird-um-chief-restructuring-officer-cro-verstaerkt\\\/#primaryimage\",\"url\":\"https:\\\/\\\/www.cometis.de\\\/wp-content\\\/uploads\\\/2022\\\/06\\\/icon_newsroom.svg\",\"contentUrl\":\"https:\\\/\\\/www.cometis.de\\\/wp-content\\\/uploads\\\/2022\\\/06\\\/icon_newsroom.svg\",\"width\":172,\"height\":172},{\"@type\":\"BreadcrumbList\",\"@id\":\"https:\\\/\\\/www.cometis.de\\\/de\\\/22-september-2016-manz-ag-vorstand-wird-um-chief-restructuring-officer-cro-verstaerkt\\\/#breadcrumb\",\"itemListElement\":[{\"@type\":\"ListItem\",\"position\":1,\"name\":\"Home\",\"item\":\"https:\\\/\\\/www.cometis.de\\\/de\\\/\"},{\"@type\":\"ListItem\",\"position\":2,\"name\":\"Pressemitteilung\",\"item\":\"https:\\\/\\\/www.cometis.de\\\/de\\\/tag\\\/pressemitteilung\\\/\"},{\"@type\":\"ListItem\",\"position\":3,\"name\":\"22. September 2016 | Manz AG Vorstand wird um Chief Restructuring Officer (CRO) verst\u00e4rkt\"}]},{\"@type\":\"WebSite\",\"@id\":\"https:\\\/\\\/www.cometis.de\\\/de\\\/#website\",\"url\":\"https:\\\/\\\/www.cometis.de\\\/de\\\/\",\"name\":\"cometis AG\",\"description\":\"Deutschlands f\u00fchrende Investor Relations Agentur\",\"publisher\":{\"@id\":\"https:\\\/\\\/www.cometis.de\\\/de\\\/#organization\"},\"potentialAction\":[{\"@type\":\"SearchAction\",\"target\":{\"@type\":\"EntryPoint\",\"urlTemplate\":\"https:\\\/\\\/www.cometis.de\\\/de\\\/?s={search_term_string}\"},\"query-input\":{\"@type\":\"PropertyValueSpecification\",\"valueRequired\":true,\"valueName\":\"search_term_string\"}}],\"inLanguage\":\"de\"},{\"@type\":\"Organization\",\"@id\":\"https:\\\/\\\/www.cometis.de\\\/de\\\/#organization\",\"name\":\"cometis AG\",\"alternateName\":\"Deutschlands f\u00fchrende Investor Relations Agentur\",\"url\":\"https:\\\/\\\/www.cometis.de\\\/de\\\/\",\"logo\":{\"@type\":\"ImageObject\",\"inLanguage\":\"de\",\"@id\":\"https:\\\/\\\/www.cometis.de\\\/de\\\/#\\\/schema\\\/logo\\\/image\\\/\",\"url\":\"https:\\\/\\\/www.cometis.de\\\/wp-content\\\/uploads\\\/2024\\\/12-old\\\/Cometis-Mobile-Logo-1.png\",\"contentUrl\":\"https:\\\/\\\/www.cometis.de\\\/wp-content\\\/uploads\\\/2024\\\/12-old\\\/Cometis-Mobile-Logo-1.png\",\"width\":171,\"height\":31,\"caption\":\"cometis AG\"},\"image\":{\"@id\":\"https:\\\/\\\/www.cometis.de\\\/de\\\/#\\\/schema\\\/logo\\\/image\\\/\"},\"sameAs\":[\"https:\\\/\\\/www.linkedin.com\\\/company\\\/cometis-ag\\\/\",\"https:\\\/\\\/www.youtube.com\\\/user\\\/cometisAG\"]},{\"@type\":\"Person\",\"@id\":\"https:\\\/\\\/www.cometis.de\\\/de\\\/#\\\/schema\\\/person\\\/5359bae3178840cd846706150aa69cd1\",\"name\":\"Assistenz cometis AG\",\"image\":{\"@type\":\"ImageObject\",\"inLanguage\":\"de\",\"@id\":\"https:\\\/\\\/secure.gravatar.com\\\/avatar\\\/43da04bfaca4f56c43243bf29c1e464e0dbbc04dfd398bead7b5594ba02bcec9?s=96&d=mm&r=g\",\"url\":\"https:\\\/\\\/secure.gravatar.com\\\/avatar\\\/43da04bfaca4f56c43243bf29c1e464e0dbbc04dfd398bead7b5594ba02bcec9?s=96&d=mm&r=g\",\"contentUrl\":\"https:\\\/\\\/secure.gravatar.com\\\/avatar\\\/43da04bfaca4f56c43243bf29c1e464e0dbbc04dfd398bead7b5594ba02bcec9?s=96&d=mm&r=g\",\"caption\":\"Assistenz cometis AG\"},\"url\":\"https:\\\/\\\/www.cometis.de\\\/de\\\/author\\\/assistenz-cometis-ag\\\/\"}]}<\/script>\n<!-- \/ Yoast SEO Premium plugin. -->","yoast_head_json":{"title":"22. September 2016 | Manz AG Vorstand wird um Chief Restructuring Officer (CRO) verst\u00e4rkt - cometis AG","robots":{"index":"index","follow":"follow","max-snippet":"max-snippet:-1","max-image-preview":"max-image-preview:large","max-video-preview":"max-video-preview:-1"},"canonical":"https:\/\/www.cometis.de\/de\/22-september-2016-manz-ag-vorstand-wird-um-chief-restructuring-officer-cro-verstaerkt\/","og_locale":"de_DE","og_type":"article","og_title":"22. September 2016 | Manz AG Vorstand wird um Chief Restructuring Officer (CRO) verst\u00e4rkt","og_description":"Corporate News zum Archiv Manz AG: Vorstand wird um Chief Restructuring Officer (CRO) verst\u00e4rkt 22.09.2016&nbsp;|&nbsp;Reutlingen Restrukturierungsexperte Eckhard H\u00f6rner-Marass als CRO in den Vorstand berufen Effiziente Unternehmensprozesse und robusteres Gesch\u00e4ftsmodell als Basis f\u00fcr zuk\u00fcnftiges ertragsorientiertes Unternehmenswachstum Die Manz AG, weltweit agierender Hightech-Maschinenbauer mit umfassendem Technologieportfolio f\u00fcr die drei strategischen Gesch\u00e4ftsbereiche \u201eElectronics\u201c, \u201eSolar\u201c und \u201eEnergy Storage\u201c, erweitert [&hellip;]","og_url":"https:\/\/www.cometis.de\/de\/22-september-2016-manz-ag-vorstand-wird-um-chief-restructuring-officer-cro-verstaerkt\/","og_site_name":"cometis AG","article_published_time":"2016-09-22T09:26:29+00:00","article_modified_time":"2025-01-29T12:14:34+00:00","og_image":[{"width":171,"height":31,"url":"https:\/\/www.cometis.de\/wp-content\/uploads\/2024\/12-old\/Cometis-Mobile-Logo-1.png","type":"image\/png"}],"author":"Assistenz cometis AG","twitter_card":"summary_large_image","twitter_misc":{"Verfasst von":"Assistenz cometis AG","Gesch\u00e4tzte Lesezeit":"1\u00a0Minute"},"schema":{"@context":"https:\/\/schema.org","@graph":[{"@type":"Article","@id":"https:\/\/www.cometis.de\/de\/22-september-2016-manz-ag-vorstand-wird-um-chief-restructuring-officer-cro-verstaerkt\/#article","isPartOf":{"@id":"https:\/\/www.cometis.de\/de\/22-september-2016-manz-ag-vorstand-wird-um-chief-restructuring-officer-cro-verstaerkt\/"},"author":{"name":"Assistenz cometis AG","@id":"https:\/\/www.cometis.de\/de\/#\/schema\/person\/5359bae3178840cd846706150aa69cd1"},"headline":"22. September 2016 | Manz AG Vorstand wird um Chief Restructuring Officer (CRO) verst\u00e4rkt","datePublished":"2016-09-22T09:26:29+00:00","dateModified":"2025-01-29T12:14:34+00:00","mainEntityOfPage":{"@id":"https:\/\/www.cometis.de\/de\/22-september-2016-manz-ag-vorstand-wird-um-chief-restructuring-officer-cro-verstaerkt\/"},"wordCount":285,"publisher":{"@id":"https:\/\/www.cometis.de\/de\/#organization"},"image":{"@id":"https:\/\/www.cometis.de\/de\/22-september-2016-manz-ag-vorstand-wird-um-chief-restructuring-officer-cro-verstaerkt\/#primaryimage"},"thumbnailUrl":"https:\/\/www.cometis.de\/wp-content\/uploads\/2022\/06\/icon_newsroom.svg","keywords":["2016"],"articleSection":["Manz AG Corporate News","News"],"inLanguage":"de"},{"@type":"WebPage","@id":"https:\/\/www.cometis.de\/de\/22-september-2016-manz-ag-vorstand-wird-um-chief-restructuring-officer-cro-verstaerkt\/","url":"https:\/\/www.cometis.de\/de\/22-september-2016-manz-ag-vorstand-wird-um-chief-restructuring-officer-cro-verstaerkt\/","name":"22. September 2016 | Manz AG Vorstand wird um Chief Restructuring Officer (CRO) verst\u00e4rkt - cometis AG","isPartOf":{"@id":"https:\/\/www.cometis.de\/de\/#website"},"primaryImageOfPage":{"@id":"https:\/\/www.cometis.de\/de\/22-september-2016-manz-ag-vorstand-wird-um-chief-restructuring-officer-cro-verstaerkt\/#primaryimage"},"image":{"@id":"https:\/\/www.cometis.de\/de\/22-september-2016-manz-ag-vorstand-wird-um-chief-restructuring-officer-cro-verstaerkt\/#primaryimage"},"thumbnailUrl":"https:\/\/www.cometis.de\/wp-content\/uploads\/2022\/06\/icon_newsroom.svg","datePublished":"2016-09-22T09:26:29+00:00","dateModified":"2025-01-29T12:14:34+00:00","breadcrumb":{"@id":"https:\/\/www.cometis.de\/de\/22-september-2016-manz-ag-vorstand-wird-um-chief-restructuring-officer-cro-verstaerkt\/#breadcrumb"},"inLanguage":"de","potentialAction":[{"@type":"ReadAction","target":["https:\/\/www.cometis.de\/de\/22-september-2016-manz-ag-vorstand-wird-um-chief-restructuring-officer-cro-verstaerkt\/"]}]},{"@type":"ImageObject","inLanguage":"de","@id":"https:\/\/www.cometis.de\/de\/22-september-2016-manz-ag-vorstand-wird-um-chief-restructuring-officer-cro-verstaerkt\/#primaryimage","url":"https:\/\/www.cometis.de\/wp-content\/uploads\/2022\/06\/icon_newsroom.svg","contentUrl":"https:\/\/www.cometis.de\/wp-content\/uploads\/2022\/06\/icon_newsroom.svg","width":172,"height":172},{"@type":"BreadcrumbList","@id":"https:\/\/www.cometis.de\/de\/22-september-2016-manz-ag-vorstand-wird-um-chief-restructuring-officer-cro-verstaerkt\/#breadcrumb","itemListElement":[{"@type":"ListItem","position":1,"name":"Home","item":"https:\/\/www.cometis.de\/de\/"},{"@type":"ListItem","position":2,"name":"Pressemitteilung","item":"https:\/\/www.cometis.de\/de\/tag\/pressemitteilung\/"},{"@type":"ListItem","position":3,"name":"22. September 2016 | Manz AG Vorstand wird um Chief Restructuring Officer (CRO) verst\u00e4rkt"}]},{"@type":"WebSite","@id":"https:\/\/www.cometis.de\/de\/#website","url":"https:\/\/www.cometis.de\/de\/","name":"cometis AG","description":"Deutschlands f\u00fchrende Investor Relations Agentur","publisher":{"@id":"https:\/\/www.cometis.de\/de\/#organization"},"potentialAction":[{"@type":"SearchAction","target":{"@type":"EntryPoint","urlTemplate":"https:\/\/www.cometis.de\/de\/?s={search_term_string}"},"query-input":{"@type":"PropertyValueSpecification","valueRequired":true,"valueName":"search_term_string"}}],"inLanguage":"de"},{"@type":"Organization","@id":"https:\/\/www.cometis.de\/de\/#organization","name":"cometis AG","alternateName":"Deutschlands f\u00fchrende Investor Relations Agentur","url":"https:\/\/www.cometis.de\/de\/","logo":{"@type":"ImageObject","inLanguage":"de","@id":"https:\/\/www.cometis.de\/de\/#\/schema\/logo\/image\/","url":"https:\/\/www.cometis.de\/wp-content\/uploads\/2024\/12-old\/Cometis-Mobile-Logo-1.png","contentUrl":"https:\/\/www.cometis.de\/wp-content\/uploads\/2024\/12-old\/Cometis-Mobile-Logo-1.png","width":171,"height":31,"caption":"cometis AG"},"image":{"@id":"https:\/\/www.cometis.de\/de\/#\/schema\/logo\/image\/"},"sameAs":["https:\/\/www.linkedin.com\/company\/cometis-ag\/","https:\/\/www.youtube.com\/user\/cometisAG"]},{"@type":"Person","@id":"https:\/\/www.cometis.de\/de\/#\/schema\/person\/5359bae3178840cd846706150aa69cd1","name":"Assistenz cometis AG","image":{"@type":"ImageObject","inLanguage":"de","@id":"https:\/\/secure.gravatar.com\/avatar\/43da04bfaca4f56c43243bf29c1e464e0dbbc04dfd398bead7b5594ba02bcec9?s=96&d=mm&r=g","url":"https:\/\/secure.gravatar.com\/avatar\/43da04bfaca4f56c43243bf29c1e464e0dbbc04dfd398bead7b5594ba02bcec9?s=96&d=mm&r=g","contentUrl":"https:\/\/secure.gravatar.com\/avatar\/43da04bfaca4f56c43243bf29c1e464e0dbbc04dfd398bead7b5594ba02bcec9?s=96&d=mm&r=g","caption":"Assistenz cometis AG"},"url":"https:\/\/www.cometis.de\/de\/author\/assistenz-cometis-ag\/"}]}},"_links":{"self":[{"href":"https:\/\/www.cometis.de\/de\/wp-json\/wp\/v2\/posts\/16897","targetHints":{"allow":["GET"]}}],"collection":[{"href":"https:\/\/www.cometis.de\/de\/wp-json\/wp\/v2\/posts"}],"about":[{"href":"https:\/\/www.cometis.de\/de\/wp-json\/wp\/v2\/types\/post"}],"author":[{"embeddable":true,"href":"https:\/\/www.cometis.de\/de\/wp-json\/wp\/v2\/users\/2"}],"replies":[{"embeddable":true,"href":"https:\/\/www.cometis.de\/de\/wp-json\/wp\/v2\/comments?post=16897"}],"version-history":[{"count":0,"href":"https:\/\/www.cometis.de\/de\/wp-json\/wp\/v2\/posts\/16897\/revisions"}],"wp:featuredmedia":[{"embeddable":true,"href":"https:\/\/www.cometis.de\/de\/wp-json\/wp\/v2\/media\/98872"}],"wp:attachment":[{"href":"https:\/\/www.cometis.de\/de\/wp-json\/wp\/v2\/media?parent=16897"}],"wp:term":[{"taxonomy":"category","embeddable":true,"href":"https:\/\/www.cometis.de\/de\/wp-json\/wp\/v2\/categories?post=16897"},{"taxonomy":"post_tag","embeddable":true,"href":"https:\/\/www.cometis.de\/de\/wp-json\/wp\/v2\/tags?post=16897"}],"curies":[{"name":"wp","href":"https:\/\/api.w.org\/{rel}","templated":true}]}}