{"id":28296,"date":"2019-08-28T16:56:36","date_gmt":"2019-08-28T14:56:36","guid":{"rendered":"https:\/\/wordpress-783423-2671269.cloudwaysapps.com\/?p=28296"},"modified":"2025-01-29T13:51:30","modified_gmt":"2025-01-29T12:51:30","slug":"28-august-2019-baumot-group-informiert-ueber-den-aktuellen-stand-in-sachen-pkw-hardwarenachruestung-in-deutschland","status":"publish","type":"post","link":"https:\/\/www.cometis.de\/de\/28-august-2019-baumot-group-informiert-ueber-den-aktuellen-stand-in-sachen-pkw-hardwarenachruestung-in-deutschland\/","title":{"rendered":"28. August 2019 | Baumot Group informiert \u00fcber den aktuellen Stand in Sachen Pkw-Hardwarenachr\u00fcstung in Deutschland"},"content":{"rendered":"<style> .zur\u00fcckbutton:before {display: inline-block; font-family: \"ETmodules\"; content: \"4a\"; color: #00225f; margin-right: 7px;} .zur\u00fcckbutton:hover:before {display: inline-block; font-family: \"ETmodules\"; content: \"4a\"; color: #d85710; margin-right: 7px;}<\/style>\n<h1>Corporate News<\/h1>\n<p><a class=\"zur\u00fcckbutton\" href=\"https:\/\/cometis.de\/veroeffentlichungsarchiv-baumot\">zum Archiv<\/a><\/p>\n<h1><strong>Baumot Group informiert \u00fcber den aktuellen Stand in Sachen Pkw-Hardwarenachr\u00fcstung in Deutschland<\/strong><\/h1>\n<ul>\n<li><strong>Erstmals ein im VW eingebautes BNOx-System offiziell im Fahrzeugschein eingetragen<\/strong><\/li>\n<li><strong>KBA-Antr\u00e4ge f\u00fcr ausgew\u00e4hlte Mercedes-Fahrzeuge bereits in finaler Vorbereitung<\/strong><\/li>\n<li><strong>Erste in Serie produzierte BNOx-Systeme werden noch im Oktober ausgeliefert<\/strong><\/li>\n<\/ul>\n<p><strong>K\u00f6nigswinter, 28. August 2019<\/strong> \u2013\u00a0Die Baumot Group AG (WKN A2G8Y8), Anbieter im Bereich der Abgasnachbehandlung, gibt die erste offizielle Eintragung des BNOx-Systems in einen Fahrzeugschein bekannt. Bei dem Fahrzeug handelt es sich um einen VW Passat Kombi 1,6l Euro5-Diesel. Nachdem Baumot f\u00fcr das BNOx-System die Allgemeine Betriebserlaubnis (ABE) f\u00fcr 61 Fahrzeugmodelle des VW-Konzerns erhalten hatte, ist der Passat nun das erste offiziell nachger\u00fcstete VW-Fahrzeug, das ohne Sondergenehmigung zum Stra\u00dfenverkehr zugelassen ist und somit auch nicht mehr von Fahrverboten betroffen ist.<\/p>\n<p>Nach Erteilung der ABE f\u00fcr zahlreiche Fahrzeuge des VW-Konzerns, strebt Baumot nun zeitnah auch die Genehmigung des Kraftfahrtbundesamt (KBA) f\u00fcr eine ganze Reihe von Euro5-Diesel-Pkw des Daimler-Konzerns an. Bereits ab den kommenden zwei Wochen wird eine mit dem BNOx-System nachger\u00fcstete Mercedes E-Klasse die notwendigen Tests beim T\u00dcV durchlaufen. Auf der Grundlage positiver Pr\u00fcfergebnisse kann Baumot dann eine weitere ABE beim KBA f\u00fcr diverse Mercedes-Fahrzeugtypen beantragen. Zur Pr\u00fcffamilie der Mercedes E-Klasse z\u00e4hlen unter anderem die Mercedes C-Klasse und der Mercedes GLK, aber auch die Mercedes A-Klasse und die Mercedes B-Klasse.<\/p>\n<p>Die Vorst\u00e4nde Marcus Hausser und Stefan Beink\u00e4mpen zeigen sich zufrieden: \u00abUnsere Strategie, sich \u00fcber Pr\u00fcffamilien auf die g\u00e4ngigsten Volumenmodelle der wichtigsten Hersteller zu konzentrieren, geht auf. So erreichen wir die ABEs nicht nur f\u00fcr einzelne Fahrzeuge, sondern direkt f\u00fcr ganze Fahrzeuggruppen. Im Falle von VW etwa gleich im ersten Wurf f\u00fcr 61 Euro5-Fahrzeuge. F\u00fcr einige dieser Fahrzeuge planen wir noch im Oktober 2019 die ersten BNOx-Systeme in Serie zu produzieren und auszuliefern. Allein mit der heute schon vorliegenden Genehmigung betr\u00e4gt das aus unserer Sicht realisierbare Umsatzpotenzial bis 2020 rund 170 Mio. Euro. Das Potenzial f\u00fcr die Daimler-Zulassung k\u00e4me noch hinzu. Ebenso stehen wir bereit, sollten sich weitere Hersteller entschlie\u00dfen, der sehr kundenfreundlichen Regelung von Daimler und VW zu folgen.\u00bb<\/p>\n<h1><\/h1>\n<h1><strong>Kontakt<\/strong><\/h1>\n<p>Investor Relations<br \/>\ncometis AG<br \/>\nClaudius Krause<br \/>\nTel: +49(0)611 &#8211; 205855-28<br \/>\nFax: +49(0)611 &#8211; 205855-66<br \/>\nE-Mail: <a href=\"mailto:krause@cometis.de\">krause@cometis.de<\/a><br \/>\n<a href=\"https:\/\/cometis.us18.list-manage.com\/track\/click?u=14f7e8c50e672fbe70e477b75&amp;id=c89a244d56&amp;e=3ecb01fdea\">www.www.cometis.de<\/a><\/p>\n<h1><\/h1>\n<h1><strong>\u00dcber die Baumot Group AG<\/strong><\/h1>\n<p>Die Baumot Group AG ist ein f\u00fchrender Anbieter im Bereich der Abgasnachbehandlung.\u00a0Diese Produkte und Dienstleistungen setzt Baumot branchen\u00fcbergreifend in den Gesch\u00e4ftsfeldern OEM (Erstausr\u00fcstung), Retrofit (Nachr\u00fcstung) und Aftermarket (Ersatzteile) ein.\u00a0Zu den Branchen z\u00e4hlen insbesondere On-Road (z.B. Pkw,\u00a0Lkw sowie Busse) und Off-Road (z.B. Baumaschinen, landwirtschaftliche Maschinen oder station\u00e4re Anlagen).<\/p>\n<p>Weitere Informationen zum Unternehmen finden Sie auf der Unternehmenswebseite unter folgendem Link: <a href=\"https:\/\/cometis.us18.list-manage.com\/track\/click?u=14f7e8c50e672fbe70e477b75&amp;id=d7ff4c374a&amp;e=3ecb01fdea\">www.baumot.de<\/a><\/p>\n<p>Die Aktie der Baumot Group AG notiert im Basic Board der Frankfurter Wertpapierb\u00f6rse.<\/p>\n<div class=\"leseprobe-archiv\"><a title=\"Beitrag als PDF\" href=\"https:\/\/cometis.de\/wp-content\/uploads\/2019\/08\/20180828_Baumot_PDF_Fahrzeugschein.pdf\" target=\"_blank\" rel=\"noopener noreferrer\">Beitrag als PDF<\/a><\/div>\n<style> .leseprobe-archiv {color: #00225f !important; border-color: #00225f; position: relative; padding: 0.3em 1em; border: 1px solid; -webkit-border-radius: 3px; -moz-border-radius: 3px; border-radius: 3px; -webkit-transition: all 0.2s; -moz-transition: all 0.2s; transition: all 0.2s; padding:10px; width: 19%; text-align: center; margin-right: 10px; float:left;} .leseprobe-archiv:hover {background-color: #eee; border-color: #ffffff; cursor: pointer;}<\/style>\n","protected":false},"excerpt":{"rendered":"<p>K\u00f6nigswinter, 28. August 2019 \u2013 Die Baumot Group AG (WKN A2G8Y8), Anbieter im Bereich der Abgasnachbehandlung, gibt die erste offizielle Eintragung des BNOx-Systems in einen Fahrzeugschein bekannt. Bei dem Fahrzeug handelt es sich um einen VW Passat Kombi 1,6l Euro5-Diesel. Nachdem Baumot f\u00fcr das BNOx-System die Allgemeine Betriebserlaubnis (ABE) f\u00fcr 61 Fahrzeugmodelle des VW-Konzerns erhalten hatte, ist der Passat nun das erste offiziell nachger\u00fcstete VW-Fahrzeug, das ohne Sondergenehmigung zum Stra\u00dfenverkehr zugelassen ist und somit auch nicht mehr von Fahrverboten betroffen ist.<\/p>\n","protected":false},"author":2,"featured_media":98872,"comment_status":"closed","ping_status":"open","sticky":false,"template":"","format":"standard","meta":{"_acf_changed":false,"footnotes":""},"categories":[124,88],"tags":[248],"class_list":["post-28296","post","type-post","status-publish","format-standard","has-post-thumbnail","hentry","category-baumot-corporate-news","category-news","tag-248"],"acf":[],"yoast_head":"<!-- This site is optimized with the Yoast SEO Premium plugin v26.2 (Yoast SEO v27.4) - https:\/\/yoast.com\/product\/yoast-seo-premium-wordpress\/ -->\n<title>28. August 2019 | Baumot Group informiert \u00fcber den aktuellen Stand in Sachen Pkw-Hardwarenachr\u00fcstung in Deutschland - cometis AG<\/title>\n<meta name=\"robots\" content=\"index, follow, max-snippet:-1, max-image-preview:large, max-video-preview:-1\" \/>\n<link rel=\"canonical\" href=\"https:\/\/www.cometis.de\/de\/28-august-2019-baumot-group-informiert-ueber-den-aktuellen-stand-in-sachen-pkw-hardwarenachruestung-in-deutschland\/\" \/>\n<meta property=\"og:locale\" content=\"de_DE\" \/>\n<meta property=\"og:type\" content=\"article\" \/>\n<meta property=\"og:title\" content=\"28. August 2019 | Baumot Group informiert \u00fcber den aktuellen Stand in Sachen Pkw-Hardwarenachr\u00fcstung in Deutschland\" \/>\n<meta property=\"og:description\" content=\"K\u00f6nigswinter, 28. August 2019 \u2013 Die Baumot Group AG (WKN A2G8Y8), Anbieter im Bereich der Abgasnachbehandlung, gibt die erste offizielle Eintragung des BNOx-Systems in einen Fahrzeugschein bekannt. Bei dem Fahrzeug handelt es sich um einen VW Passat Kombi 1,6l Euro5-Diesel. Nachdem Baumot f\u00fcr das BNOx-System die Allgemeine Betriebserlaubnis (ABE) f\u00fcr 61 Fahrzeugmodelle des VW-Konzerns erhalten hatte, ist der Passat nun das erste offiziell nachger\u00fcstete VW-Fahrzeug, das ohne Sondergenehmigung zum Stra\u00dfenverkehr zugelassen ist und somit auch nicht mehr von Fahrverboten betroffen ist.\" \/>\n<meta property=\"og:url\" content=\"https:\/\/www.cometis.de\/de\/28-august-2019-baumot-group-informiert-ueber-den-aktuellen-stand-in-sachen-pkw-hardwarenachruestung-in-deutschland\/\" \/>\n<meta property=\"og:site_name\" content=\"cometis AG\" \/>\n<meta property=\"article:published_time\" content=\"2019-08-28T14:56:36+00:00\" \/>\n<meta property=\"article:modified_time\" content=\"2025-01-29T12:51:30+00:00\" \/>\n<meta property=\"og:image\" content=\"https:\/\/www.cometis.de\/wp-content\/uploads\/2024\/12-old\/Cometis-Mobile-Logo-1.png\" \/>\n\t<meta property=\"og:image:width\" content=\"171\" \/>\n\t<meta property=\"og:image:height\" content=\"31\" \/>\n\t<meta property=\"og:image:type\" content=\"image\/png\" \/>\n<meta name=\"author\" content=\"Assistenz cometis AG\" \/>\n<meta name=\"twitter:card\" content=\"summary_large_image\" \/>\n<meta name=\"twitter:label1\" content=\"Verfasst von\" \/>\n\t<meta name=\"twitter:data1\" content=\"Assistenz cometis AG\" \/>\n\t<meta name=\"twitter:label2\" content=\"Gesch\u00e4tzte Lesezeit\" \/>\n\t<meta name=\"twitter:data2\" content=\"2\u00a0Minuten\" \/>\n<script type=\"application\/ld+json\" class=\"yoast-schema-graph\">{\"@context\":\"https:\\\/\\\/schema.org\",\"@graph\":[{\"@type\":\"Article\",\"@id\":\"https:\\\/\\\/www.cometis.de\\\/de\\\/28-august-2019-baumot-group-informiert-ueber-den-aktuellen-stand-in-sachen-pkw-hardwarenachruestung-in-deutschland\\\/#article\",\"isPartOf\":{\"@id\":\"https:\\\/\\\/www.cometis.de\\\/de\\\/28-august-2019-baumot-group-informiert-ueber-den-aktuellen-stand-in-sachen-pkw-hardwarenachruestung-in-deutschland\\\/\"},\"author\":{\"name\":\"Assistenz cometis AG\",\"@id\":\"https:\\\/\\\/www.cometis.de\\\/de\\\/#\\\/schema\\\/person\\\/5359bae3178840cd846706150aa69cd1\"},\"headline\":\"28. August 2019 | Baumot Group informiert \u00fcber den aktuellen Stand in Sachen Pkw-Hardwarenachr\u00fcstung in Deutschland\",\"datePublished\":\"2019-08-28T14:56:36+00:00\",\"dateModified\":\"2025-01-29T12:51:30+00:00\",\"mainEntityOfPage\":{\"@id\":\"https:\\\/\\\/www.cometis.de\\\/de\\\/28-august-2019-baumot-group-informiert-ueber-den-aktuellen-stand-in-sachen-pkw-hardwarenachruestung-in-deutschland\\\/\"},\"wordCount\":490,\"publisher\":{\"@id\":\"https:\\\/\\\/www.cometis.de\\\/de\\\/#organization\"},\"image\":{\"@id\":\"https:\\\/\\\/www.cometis.de\\\/de\\\/28-august-2019-baumot-group-informiert-ueber-den-aktuellen-stand-in-sachen-pkw-hardwarenachruestung-in-deutschland\\\/#primaryimage\"},\"thumbnailUrl\":\"https:\\\/\\\/www.cometis.de\\\/wp-content\\\/uploads\\\/2022\\\/06\\\/icon_newsroom.svg\",\"keywords\":[\"2019\"],\"articleSection\":[\"Baumot Corporate News\",\"News\"],\"inLanguage\":\"de\"},{\"@type\":\"WebPage\",\"@id\":\"https:\\\/\\\/www.cometis.de\\\/de\\\/28-august-2019-baumot-group-informiert-ueber-den-aktuellen-stand-in-sachen-pkw-hardwarenachruestung-in-deutschland\\\/\",\"url\":\"https:\\\/\\\/www.cometis.de\\\/de\\\/28-august-2019-baumot-group-informiert-ueber-den-aktuellen-stand-in-sachen-pkw-hardwarenachruestung-in-deutschland\\\/\",\"name\":\"28. August 2019 | Baumot Group informiert \u00fcber den aktuellen Stand in Sachen Pkw-Hardwarenachr\u00fcstung in Deutschland - cometis AG\",\"isPartOf\":{\"@id\":\"https:\\\/\\\/www.cometis.de\\\/de\\\/#website\"},\"primaryImageOfPage\":{\"@id\":\"https:\\\/\\\/www.cometis.de\\\/de\\\/28-august-2019-baumot-group-informiert-ueber-den-aktuellen-stand-in-sachen-pkw-hardwarenachruestung-in-deutschland\\\/#primaryimage\"},\"image\":{\"@id\":\"https:\\\/\\\/www.cometis.de\\\/de\\\/28-august-2019-baumot-group-informiert-ueber-den-aktuellen-stand-in-sachen-pkw-hardwarenachruestung-in-deutschland\\\/#primaryimage\"},\"thumbnailUrl\":\"https:\\\/\\\/www.cometis.de\\\/wp-content\\\/uploads\\\/2022\\\/06\\\/icon_newsroom.svg\",\"datePublished\":\"2019-08-28T14:56:36+00:00\",\"dateModified\":\"2025-01-29T12:51:30+00:00\",\"breadcrumb\":{\"@id\":\"https:\\\/\\\/www.cometis.de\\\/de\\\/28-august-2019-baumot-group-informiert-ueber-den-aktuellen-stand-in-sachen-pkw-hardwarenachruestung-in-deutschland\\\/#breadcrumb\"},\"inLanguage\":\"de\",\"potentialAction\":[{\"@type\":\"ReadAction\",\"target\":[\"https:\\\/\\\/www.cometis.de\\\/de\\\/28-august-2019-baumot-group-informiert-ueber-den-aktuellen-stand-in-sachen-pkw-hardwarenachruestung-in-deutschland\\\/\"]}]},{\"@type\":\"ImageObject\",\"inLanguage\":\"de\",\"@id\":\"https:\\\/\\\/www.cometis.de\\\/de\\\/28-august-2019-baumot-group-informiert-ueber-den-aktuellen-stand-in-sachen-pkw-hardwarenachruestung-in-deutschland\\\/#primaryimage\",\"url\":\"https:\\\/\\\/www.cometis.de\\\/wp-content\\\/uploads\\\/2022\\\/06\\\/icon_newsroom.svg\",\"contentUrl\":\"https:\\\/\\\/www.cometis.de\\\/wp-content\\\/uploads\\\/2022\\\/06\\\/icon_newsroom.svg\",\"width\":172,\"height\":172},{\"@type\":\"BreadcrumbList\",\"@id\":\"https:\\\/\\\/www.cometis.de\\\/de\\\/28-august-2019-baumot-group-informiert-ueber-den-aktuellen-stand-in-sachen-pkw-hardwarenachruestung-in-deutschland\\\/#breadcrumb\",\"itemListElement\":[{\"@type\":\"ListItem\",\"position\":1,\"name\":\"Home\",\"item\":\"https:\\\/\\\/www.cometis.de\\\/de\\\/\"},{\"@type\":\"ListItem\",\"position\":2,\"name\":\"ESG-Friday\",\"item\":\"https:\\\/\\\/www.cometis.de\\\/de\\\/category\\\/esg-friday\\\/\"},{\"@type\":\"ListItem\",\"position\":3,\"name\":\"28. August 2019 | Baumot Group informiert \u00fcber den aktuellen Stand in Sachen Pkw-Hardwarenachr\u00fcstung in Deutschland\"}]},{\"@type\":\"WebSite\",\"@id\":\"https:\\\/\\\/www.cometis.de\\\/de\\\/#website\",\"url\":\"https:\\\/\\\/www.cometis.de\\\/de\\\/\",\"name\":\"cometis AG\",\"description\":\"Deutschlands f\u00fchrende Investor Relations Agentur\",\"publisher\":{\"@id\":\"https:\\\/\\\/www.cometis.de\\\/de\\\/#organization\"},\"potentialAction\":[{\"@type\":\"SearchAction\",\"target\":{\"@type\":\"EntryPoint\",\"urlTemplate\":\"https:\\\/\\\/www.cometis.de\\\/de\\\/?s={search_term_string}\"},\"query-input\":{\"@type\":\"PropertyValueSpecification\",\"valueRequired\":true,\"valueName\":\"search_term_string\"}}],\"inLanguage\":\"de\"},{\"@type\":\"Organization\",\"@id\":\"https:\\\/\\\/www.cometis.de\\\/de\\\/#organization\",\"name\":\"cometis AG\",\"alternateName\":\"Deutschlands f\u00fchrende Investor Relations Agentur\",\"url\":\"https:\\\/\\\/www.cometis.de\\\/de\\\/\",\"logo\":{\"@type\":\"ImageObject\",\"inLanguage\":\"de\",\"@id\":\"https:\\\/\\\/www.cometis.de\\\/de\\\/#\\\/schema\\\/logo\\\/image\\\/\",\"url\":\"https:\\\/\\\/www.cometis.de\\\/wp-content\\\/uploads\\\/2024\\\/12-old\\\/Cometis-Mobile-Logo-1.png\",\"contentUrl\":\"https:\\\/\\\/www.cometis.de\\\/wp-content\\\/uploads\\\/2024\\\/12-old\\\/Cometis-Mobile-Logo-1.png\",\"width\":171,\"height\":31,\"caption\":\"cometis AG\"},\"image\":{\"@id\":\"https:\\\/\\\/www.cometis.de\\\/de\\\/#\\\/schema\\\/logo\\\/image\\\/\"},\"sameAs\":[\"https:\\\/\\\/www.linkedin.com\\\/company\\\/cometis-ag\\\/\",\"https:\\\/\\\/www.youtube.com\\\/user\\\/cometisAG\"]},{\"@type\":\"Person\",\"@id\":\"https:\\\/\\\/www.cometis.de\\\/de\\\/#\\\/schema\\\/person\\\/5359bae3178840cd846706150aa69cd1\",\"name\":\"Assistenz cometis AG\",\"image\":{\"@type\":\"ImageObject\",\"inLanguage\":\"de\",\"@id\":\"https:\\\/\\\/secure.gravatar.com\\\/avatar\\\/43da04bfaca4f56c43243bf29c1e464e0dbbc04dfd398bead7b5594ba02bcec9?s=96&d=mm&r=g\",\"url\":\"https:\\\/\\\/secure.gravatar.com\\\/avatar\\\/43da04bfaca4f56c43243bf29c1e464e0dbbc04dfd398bead7b5594ba02bcec9?s=96&d=mm&r=g\",\"contentUrl\":\"https:\\\/\\\/secure.gravatar.com\\\/avatar\\\/43da04bfaca4f56c43243bf29c1e464e0dbbc04dfd398bead7b5594ba02bcec9?s=96&d=mm&r=g\",\"caption\":\"Assistenz cometis AG\"},\"url\":\"https:\\\/\\\/www.cometis.de\\\/de\\\/author\\\/assistenz-cometis-ag\\\/\"}]}<\/script>\n<!-- \/ Yoast SEO Premium plugin. -->","yoast_head_json":{"title":"28. August 2019 | Baumot Group informiert \u00fcber den aktuellen Stand in Sachen Pkw-Hardwarenachr\u00fcstung in Deutschland - cometis AG","robots":{"index":"index","follow":"follow","max-snippet":"max-snippet:-1","max-image-preview":"max-image-preview:large","max-video-preview":"max-video-preview:-1"},"canonical":"https:\/\/www.cometis.de\/de\/28-august-2019-baumot-group-informiert-ueber-den-aktuellen-stand-in-sachen-pkw-hardwarenachruestung-in-deutschland\/","og_locale":"de_DE","og_type":"article","og_title":"28. August 2019 | Baumot Group informiert \u00fcber den aktuellen Stand in Sachen Pkw-Hardwarenachr\u00fcstung in Deutschland","og_description":"K\u00f6nigswinter, 28. August 2019 \u2013 Die Baumot Group AG (WKN A2G8Y8), Anbieter im Bereich der Abgasnachbehandlung, gibt die erste offizielle Eintragung des BNOx-Systems in einen Fahrzeugschein bekannt. Bei dem Fahrzeug handelt es sich um einen VW Passat Kombi 1,6l Euro5-Diesel. Nachdem Baumot f\u00fcr das BNOx-System die Allgemeine Betriebserlaubnis (ABE) f\u00fcr 61 Fahrzeugmodelle des VW-Konzerns erhalten hatte, ist der Passat nun das erste offiziell nachger\u00fcstete VW-Fahrzeug, das ohne Sondergenehmigung zum Stra\u00dfenverkehr zugelassen ist und somit auch nicht mehr von Fahrverboten betroffen ist.","og_url":"https:\/\/www.cometis.de\/de\/28-august-2019-baumot-group-informiert-ueber-den-aktuellen-stand-in-sachen-pkw-hardwarenachruestung-in-deutschland\/","og_site_name":"cometis AG","article_published_time":"2019-08-28T14:56:36+00:00","article_modified_time":"2025-01-29T12:51:30+00:00","og_image":[{"width":171,"height":31,"url":"https:\/\/www.cometis.de\/wp-content\/uploads\/2024\/12-old\/Cometis-Mobile-Logo-1.png","type":"image\/png"}],"author":"Assistenz cometis AG","twitter_card":"summary_large_image","twitter_misc":{"Verfasst von":"Assistenz cometis AG","Gesch\u00e4tzte Lesezeit":"2\u00a0Minuten"},"schema":{"@context":"https:\/\/schema.org","@graph":[{"@type":"Article","@id":"https:\/\/www.cometis.de\/de\/28-august-2019-baumot-group-informiert-ueber-den-aktuellen-stand-in-sachen-pkw-hardwarenachruestung-in-deutschland\/#article","isPartOf":{"@id":"https:\/\/www.cometis.de\/de\/28-august-2019-baumot-group-informiert-ueber-den-aktuellen-stand-in-sachen-pkw-hardwarenachruestung-in-deutschland\/"},"author":{"name":"Assistenz cometis AG","@id":"https:\/\/www.cometis.de\/de\/#\/schema\/person\/5359bae3178840cd846706150aa69cd1"},"headline":"28. August 2019 | Baumot Group informiert \u00fcber den aktuellen Stand in Sachen Pkw-Hardwarenachr\u00fcstung in Deutschland","datePublished":"2019-08-28T14:56:36+00:00","dateModified":"2025-01-29T12:51:30+00:00","mainEntityOfPage":{"@id":"https:\/\/www.cometis.de\/de\/28-august-2019-baumot-group-informiert-ueber-den-aktuellen-stand-in-sachen-pkw-hardwarenachruestung-in-deutschland\/"},"wordCount":490,"publisher":{"@id":"https:\/\/www.cometis.de\/de\/#organization"},"image":{"@id":"https:\/\/www.cometis.de\/de\/28-august-2019-baumot-group-informiert-ueber-den-aktuellen-stand-in-sachen-pkw-hardwarenachruestung-in-deutschland\/#primaryimage"},"thumbnailUrl":"https:\/\/www.cometis.de\/wp-content\/uploads\/2022\/06\/icon_newsroom.svg","keywords":["2019"],"articleSection":["Baumot Corporate News","News"],"inLanguage":"de"},{"@type":"WebPage","@id":"https:\/\/www.cometis.de\/de\/28-august-2019-baumot-group-informiert-ueber-den-aktuellen-stand-in-sachen-pkw-hardwarenachruestung-in-deutschland\/","url":"https:\/\/www.cometis.de\/de\/28-august-2019-baumot-group-informiert-ueber-den-aktuellen-stand-in-sachen-pkw-hardwarenachruestung-in-deutschland\/","name":"28. August 2019 | Baumot Group informiert \u00fcber den aktuellen Stand in Sachen Pkw-Hardwarenachr\u00fcstung in Deutschland - cometis AG","isPartOf":{"@id":"https:\/\/www.cometis.de\/de\/#website"},"primaryImageOfPage":{"@id":"https:\/\/www.cometis.de\/de\/28-august-2019-baumot-group-informiert-ueber-den-aktuellen-stand-in-sachen-pkw-hardwarenachruestung-in-deutschland\/#primaryimage"},"image":{"@id":"https:\/\/www.cometis.de\/de\/28-august-2019-baumot-group-informiert-ueber-den-aktuellen-stand-in-sachen-pkw-hardwarenachruestung-in-deutschland\/#primaryimage"},"thumbnailUrl":"https:\/\/www.cometis.de\/wp-content\/uploads\/2022\/06\/icon_newsroom.svg","datePublished":"2019-08-28T14:56:36+00:00","dateModified":"2025-01-29T12:51:30+00:00","breadcrumb":{"@id":"https:\/\/www.cometis.de\/de\/28-august-2019-baumot-group-informiert-ueber-den-aktuellen-stand-in-sachen-pkw-hardwarenachruestung-in-deutschland\/#breadcrumb"},"inLanguage":"de","potentialAction":[{"@type":"ReadAction","target":["https:\/\/www.cometis.de\/de\/28-august-2019-baumot-group-informiert-ueber-den-aktuellen-stand-in-sachen-pkw-hardwarenachruestung-in-deutschland\/"]}]},{"@type":"ImageObject","inLanguage":"de","@id":"https:\/\/www.cometis.de\/de\/28-august-2019-baumot-group-informiert-ueber-den-aktuellen-stand-in-sachen-pkw-hardwarenachruestung-in-deutschland\/#primaryimage","url":"https:\/\/www.cometis.de\/wp-content\/uploads\/2022\/06\/icon_newsroom.svg","contentUrl":"https:\/\/www.cometis.de\/wp-content\/uploads\/2022\/06\/icon_newsroom.svg","width":172,"height":172},{"@type":"BreadcrumbList","@id":"https:\/\/www.cometis.de\/de\/28-august-2019-baumot-group-informiert-ueber-den-aktuellen-stand-in-sachen-pkw-hardwarenachruestung-in-deutschland\/#breadcrumb","itemListElement":[{"@type":"ListItem","position":1,"name":"Home","item":"https:\/\/www.cometis.de\/de\/"},{"@type":"ListItem","position":2,"name":"ESG-Friday","item":"https:\/\/www.cometis.de\/de\/category\/esg-friday\/"},{"@type":"ListItem","position":3,"name":"28. August 2019 | Baumot Group informiert \u00fcber den aktuellen Stand in Sachen Pkw-Hardwarenachr\u00fcstung in Deutschland"}]},{"@type":"WebSite","@id":"https:\/\/www.cometis.de\/de\/#website","url":"https:\/\/www.cometis.de\/de\/","name":"cometis AG","description":"Deutschlands f\u00fchrende Investor Relations Agentur","publisher":{"@id":"https:\/\/www.cometis.de\/de\/#organization"},"potentialAction":[{"@type":"SearchAction","target":{"@type":"EntryPoint","urlTemplate":"https:\/\/www.cometis.de\/de\/?s={search_term_string}"},"query-input":{"@type":"PropertyValueSpecification","valueRequired":true,"valueName":"search_term_string"}}],"inLanguage":"de"},{"@type":"Organization","@id":"https:\/\/www.cometis.de\/de\/#organization","name":"cometis AG","alternateName":"Deutschlands f\u00fchrende Investor Relations Agentur","url":"https:\/\/www.cometis.de\/de\/","logo":{"@type":"ImageObject","inLanguage":"de","@id":"https:\/\/www.cometis.de\/de\/#\/schema\/logo\/image\/","url":"https:\/\/www.cometis.de\/wp-content\/uploads\/2024\/12-old\/Cometis-Mobile-Logo-1.png","contentUrl":"https:\/\/www.cometis.de\/wp-content\/uploads\/2024\/12-old\/Cometis-Mobile-Logo-1.png","width":171,"height":31,"caption":"cometis AG"},"image":{"@id":"https:\/\/www.cometis.de\/de\/#\/schema\/logo\/image\/"},"sameAs":["https:\/\/www.linkedin.com\/company\/cometis-ag\/","https:\/\/www.youtube.com\/user\/cometisAG"]},{"@type":"Person","@id":"https:\/\/www.cometis.de\/de\/#\/schema\/person\/5359bae3178840cd846706150aa69cd1","name":"Assistenz cometis AG","image":{"@type":"ImageObject","inLanguage":"de","@id":"https:\/\/secure.gravatar.com\/avatar\/43da04bfaca4f56c43243bf29c1e464e0dbbc04dfd398bead7b5594ba02bcec9?s=96&d=mm&r=g","url":"https:\/\/secure.gravatar.com\/avatar\/43da04bfaca4f56c43243bf29c1e464e0dbbc04dfd398bead7b5594ba02bcec9?s=96&d=mm&r=g","contentUrl":"https:\/\/secure.gravatar.com\/avatar\/43da04bfaca4f56c43243bf29c1e464e0dbbc04dfd398bead7b5594ba02bcec9?s=96&d=mm&r=g","caption":"Assistenz cometis AG"},"url":"https:\/\/www.cometis.de\/de\/author\/assistenz-cometis-ag\/"}]}},"_links":{"self":[{"href":"https:\/\/www.cometis.de\/de\/wp-json\/wp\/v2\/posts\/28296","targetHints":{"allow":["GET"]}}],"collection":[{"href":"https:\/\/www.cometis.de\/de\/wp-json\/wp\/v2\/posts"}],"about":[{"href":"https:\/\/www.cometis.de\/de\/wp-json\/wp\/v2\/types\/post"}],"author":[{"embeddable":true,"href":"https:\/\/www.cometis.de\/de\/wp-json\/wp\/v2\/users\/2"}],"replies":[{"embeddable":true,"href":"https:\/\/www.cometis.de\/de\/wp-json\/wp\/v2\/comments?post=28296"}],"version-history":[{"count":0,"href":"https:\/\/www.cometis.de\/de\/wp-json\/wp\/v2\/posts\/28296\/revisions"}],"wp:featuredmedia":[{"embeddable":true,"href":"https:\/\/www.cometis.de\/de\/wp-json\/wp\/v2\/media\/98872"}],"wp:attachment":[{"href":"https:\/\/www.cometis.de\/de\/wp-json\/wp\/v2\/media?parent=28296"}],"wp:term":[{"taxonomy":"category","embeddable":true,"href":"https:\/\/www.cometis.de\/de\/wp-json\/wp\/v2\/categories?post=28296"},{"taxonomy":"post_tag","embeddable":true,"href":"https:\/\/www.cometis.de\/de\/wp-json\/wp\/v2\/tags?post=28296"}],"curies":[{"name":"wp","href":"https:\/\/api.w.org\/{rel}","templated":true}]}}