{"id":30055,"date":"2019-12-02T18:02:40","date_gmt":"2019-12-02T17:02:40","guid":{"rendered":"https:\/\/wordpress-783423-2671269.cloudwaysapps.com\/?p=30055"},"modified":"2025-01-29T13:56:31","modified_gmt":"2025-01-29T12:56:31","slug":"2-dezember-2019-die-messe-sps-in-nuernberg-feiert-30-jaehriges-jubilaeum-et-global-unterstreicht-mit-vier-auftritten-bedeutung-und-wandel","status":"publish","type":"post","link":"https:\/\/www.cometis.de\/de\/2-dezember-2019-die-messe-sps-in-nuernberg-feiert-30-jaehriges-jubilaeum-et-global-unterstreicht-mit-vier-auftritten-bedeutung-und-wandel\/","title":{"rendered":"2. Dezember 2019 | Die Messe SPS in N\u00fcrnberg feiert 30-j\u00e4hriges Jubil\u00e4um &#8211; ET GLOBAL unterstreicht mit vier Auftritten Bedeutung und Wandel"},"content":{"rendered":"<style> .zur\u00fcckbutton:before {display: inline-block; font-family: \"ETmodules\"; content: \"4a\"; color: #00225f; margin-right: 7px;} .zur\u00fcckbutton:hover:before {display: inline-block; font-family: \"ETmodules\"; content: \"4a\"; color: #d85710; margin-right: 7px;}<\/style>\n<h1>Corporate News<\/h1>\n<p><a class=\"zur\u00fcckbutton\" href=\"https:\/\/cometis.de\/veroeffentlichungsarchiv-e3\">zum Archiv<\/a><\/p>\n<h1><strong>Die Messe SPS in N\u00fcrnberg feiert 30-j\u00e4hriges Jubil\u00e4um &#8211;\u00a0<\/strong><strong>ET GLOBAL unterstreicht mit vier Auftritten Bedeutung und Wandel<\/strong><\/h1>\n<p>Von einem 30-j\u00e4hrigen Jubil\u00e4um,<br \/>\nvon Reiz und Pflicht ewiger Jugend,<br \/>\ndem Unterschied zwischen Automatismus<br \/>\nund smarter Automatisierung und wie<br \/>\nman an einem Standort ganz unterschiedliche<br \/>\nStandpunkte anziehend gestaltet.<\/p>\n<p>Frankfurt am Main, 02. Dezember 2019 &#8211; Vor 30 Jahren startete die erste SPS in N\u00fcrnberg \u2013 die Messe f\u00fcr \u201esmart production solutions\u201c. Im R\u00fcckblick ist der Inhalt des Messenamens sehr weitsichtig gewesen. Denn zehn Jahre nach der Premiere kam etwas auf die Welt, was die Branche der Automatisierungstechnologie revolution\u00e4r ver\u00e4nderte und womit das W\u00f6rtchen \u201asmart\u2019 ganz eng verbunden ist: Das Internet, wie wir es kennen, begann, alles zu ver\u00e4ndern. Und gerade dort, wo wir heute mit dem Internet Begriffe wie \u201aIndustrie 4.0\u2019 oder \u201aInternet of Things\u2019 verbinden, tut es das auch immer noch mit voller Kraft. Es ist das, was wir den digitalen Wandel nennen. In dieser ganzen Entwicklung ist die SPS globales Zentrum und treibende Kraft f\u00fcr Aussteller und Besucher.<\/p>\n<p>Die Frankfurter Spezialisten f\u00fcr Live Marketing Solutions von ET GLOBAL k\u00f6nnen das best\u00e4tigen. Allein in diesem Jahr sind vier ihrer Kunden mit ihren Messest\u00e4nden in N\u00fcrnberg vertreten.<\/p>\n<p>\u201eDie SPS in N\u00fcrnberg zeigt wie kaum eine andere Messe die urspr\u00fcngliche Aufgabe eines Messeformates: eine Plattform zu sein, die progressiv die Entwicklungen und Visionen der Zeit spiegelt und vorantreibt. F\u00fcr unsere Kunden bedeutet das \u00fcbersetzt, dass wir auf strategischer Ebene zu einem entsprechenden Auftritt beraten\u201c, so Stefan Trieb, Chief Customer Officer von ET GLOBAL. In diesem Jahr wurde ein solches Vorgehen f\u00fcr die Kunden SEW-EURODRIVE GmbH &amp; Co KG, Balluff GmbH, Phoenix Contact GmbH &amp; Co. KG und ebm-papst Mulfingen GmbH &amp; Co. KG umgesetzt.<\/p>\n<p>So zum Beispiel f\u00fcr den Marktf\u00fchrer im Bereich Elektrotechnik, Phoenix Contact, mit einem fast 2.000 Quadratmeter gro\u00dfen Stand auf mehreren Ebenen, der dem Konzept \u201eConnect the Future\u201c folgt. Unter einem neun Meter hohen Walkway findet sich hier \u00fcber zwei Standseiten hinweg eine beeindruckende mediale Fassade, mit der das Motto inhaltlich aufgeladen wird. Fast genauso gro\u00df ist der Auftritt der Antriebsspezialisten von SEW-EURODRIVE, deren riesiges Spiegelportal im Eingang Anziehungskraft f\u00fcr die Besucher entwickelt.<\/p>\n<p>Stefan Trieb von ET GLOBAL: \u201eDas gro\u00dfe Schlagwort \u201aAutomation\u2019 muss heute, in Zeiten eines rasanten und vielschichtigen Wandels der gesamten Industrie, konzeptionell sehr pr\u00e4zise und individuell auf die jeweils aktuellen Themen und damit auch auf das Standdesign heruntergebrochen werden. Unsere Verantwortung ist es deshalb, innovative Themen genau zu verstehen und relevant zu \u00fcbersetzen.\u201c Dass dies auch in fl\u00e4chenm\u00e4\u00dfig kleineren Auftritten gelingt, zeigen wiederum die Messest\u00e4nde von ebm-papst und der Balluff GmbH.<\/p>\n<p>\u00dcbergeordnet zeigt sich mit diesen Referenzen, wie stark sich herk\u00f6mmlicher Messebau hin zum Live-Marketing wandelt. Neben dem reinen Standdesign geht es immer auch um die moderne Bespielung medialer Fl\u00e4chen \u2013 und damit um eine Kommunikationsebene, die spezifische Themen schnell, zeitgem\u00e4\u00df und interaktiv transportiert. Die Teams von ET GLOBAL stellen sich daher auch immer mit Spezialisten aus unterschiedlichen Disziplinen auf.<\/p>\n<p><strong>\u00dcber ET GLOBAL:<br \/>\n<\/strong>ET GLOBAL ist ein globaler Premium-Dienstleister f\u00fcr Consulting und Execution von Live Marketing Solutions. Das Unternehmen bietet s\u00e4mtliche relevanten Services aus den Bereichen Strategy Consulting, User Experience Conception, Creative Design, Execution, Activation und Measurement. Als f\u00fchrender internationaler Full-Service-Anbieter steht ET GLOBAL f\u00fcr die Konzeption und Umsetzung von Markenerlebnisr\u00e4umen in den Bereichen Exhibitions, Events und Environments. Dazu geh\u00f6ren Messen und Veranstaltungen, Lounges, Showrooms, B\u00fcror\u00e4ume sowie Ausstellungsfl\u00e4chen. Mit Experten in Strategie, Design, Architektur und Realisierung bietet ET GLOBAL schnittstellenfreie L\u00f6sungen, die global verf\u00fcgbar sind.<\/p>\n<p>ET GLOBAL verf\u00fcgt \u00fcber 10 Standorte in den Wirtschaftsr\u00e4umen EMEA, Americas und Asia Pacific. Das Unternehmen setzt mit seinen 500 Mitarbeitern pro Jahr weltweit rund 2.000 Projekte effizient um, mit skalierbaren Gr\u00f6\u00dfen zwischen 12 und 12.000 Quadratmetern. Zum Kundenportfolio z\u00e4hlen internationale Konzerne wie Audi, Deutsche Lufthansa und die Fraunhofer-Gesellschaft sowie f\u00fchrende mittelst\u00e4ndische Unternehmen wie Krones, Phoenix Contact und SEW-EURODRIVE.<\/p>\n<p>ET GLOBAL ist Teil der E3 Group, deren Wurzeln in der ET GLOBAL liegen. Sie versteht sich als sektorfokussierte Plattform f\u00fcr ein breites Spektrum an Consulting- und Execution-Marken, die f\u00fcr Bluechip Kunden und f\u00fchrende mittelst\u00e4ndische Unternehmen Kreativleistung in Bezug auf Kommunikation, Digitalisierung und Realisierung erbringen. Zur E3 Group geh\u00f6ren unter anderem die Angebotsmarken ET GLOBAL, Keck, bluepool, EXCITE, BIGBLUE, Electra Solutions, Reception Plus und SCF Corporate Services. Hauptsitz der Unternehmensgruppe ist Frankfurt am Main. Die globale Leitung der E3 Group liegt bei CEO Patrick O. Soschinski.<\/p>\n<p>ET GLOBAL im Internet: www.etglobal.com<\/p>\n<p><strong>Pressekontakt:<br \/>\n<\/strong>Ana Elena Heydock<br \/>\nTel.:\u00a0 +49 (0)69 \u2013 79 58 82 23031<br \/>\nE-Mail: ana-elena.heydock@etglobal.com<br \/>\nwww.etglobal.com<\/p>\n<div class=\"leseprobe-archiv\"><a title=\"Beitrag als PDF\" href=\"https:\/\/cometis.de\/wp-content\/uploads\/2019\/12\/ET-Global_SPS_FINAL_cometis_clean.pdf\" target=\"_blank\" rel=\"noopener noreferrer\">Beitrag als PDF<\/a><\/div>\n<style> .leseprobe-archiv {color: #00225f !important; border-color: #00225f; position: relative; padding: 0.3em 1em; border: 1px solid; -webkit-border-radius: 3px; -moz-border-radius: 3px; border-radius: 3px; -webkit-transition: all 0.2s; -moz-transition: all 0.2s; transition: all 0.2s; padding:10px; width: 19%; text-align: center; margin-right: 10px; float:left;} .leseprobe-archiv:hover {background-color: #eee; border-color: #ffffff; cursor: pointer;}<\/style>\n","protected":false},"excerpt":{"rendered":"<p>Corporate News zum Archiv Die Messe SPS in N\u00fcrnberg feiert 30-j\u00e4hriges Jubil\u00e4um &#8211;\u00a0ET GLOBAL unterstreicht mit vier Auftritten Bedeutung und Wandel Von einem 30-j\u00e4hrigen Jubil\u00e4um, von Reiz und Pflicht ewiger Jugend, dem Unterschied zwischen Automatismus und smarter Automatisierung und wie man an einem Standort ganz unterschiedliche Standpunkte anziehend gestaltet. Frankfurt am Main, 02. Dezember 2019 [&hellip;]<\/p>\n","protected":false},"author":2,"featured_media":98872,"comment_status":"closed","ping_status":"open","sticky":false,"template":"","format":"standard","meta":{"_acf_changed":false,"footnotes":""},"categories":[258,88],"tags":[248],"class_list":["post-30055","post","type-post","status-publish","format-standard","has-post-thumbnail","hentry","category-e3-corporate-news","category-news","tag-248"],"acf":[],"yoast_head":"<!-- This site is optimized with the Yoast SEO Premium plugin v26.2 (Yoast SEO v27.4) - https:\/\/yoast.com\/product\/yoast-seo-premium-wordpress\/ -->\n<title>2. Dezember 2019 | Die Messe SPS in N\u00fcrnberg feiert 30-j\u00e4hriges Jubil\u00e4um - ET GLOBAL unterstreicht mit vier Auftritten Bedeutung und Wandel - cometis AG<\/title>\n<meta name=\"robots\" content=\"index, follow, max-snippet:-1, max-image-preview:large, max-video-preview:-1\" \/>\n<link rel=\"canonical\" href=\"https:\/\/www.cometis.de\/de\/2-dezember-2019-die-messe-sps-in-nuernberg-feiert-30-jaehriges-jubilaeum-et-global-unterstreicht-mit-vier-auftritten-bedeutung-und-wandel\/\" \/>\n<meta property=\"og:locale\" content=\"de_DE\" \/>\n<meta property=\"og:type\" content=\"article\" \/>\n<meta property=\"og:title\" content=\"2. Dezember 2019 | Die Messe SPS in N\u00fcrnberg feiert 30-j\u00e4hriges Jubil\u00e4um - ET GLOBAL unterstreicht mit vier Auftritten Bedeutung und Wandel\" \/>\n<meta property=\"og:description\" content=\"Corporate News zum Archiv Die Messe SPS in N\u00fcrnberg feiert 30-j\u00e4hriges Jubil\u00e4um &#8211;\u00a0ET GLOBAL unterstreicht mit vier Auftritten Bedeutung und Wandel Von einem 30-j\u00e4hrigen Jubil\u00e4um, von Reiz und Pflicht ewiger Jugend, dem Unterschied zwischen Automatismus und smarter Automatisierung und wie man an einem Standort ganz unterschiedliche Standpunkte anziehend gestaltet. Frankfurt am Main, 02. Dezember 2019 [&hellip;]\" \/>\n<meta property=\"og:url\" content=\"https:\/\/www.cometis.de\/de\/2-dezember-2019-die-messe-sps-in-nuernberg-feiert-30-jaehriges-jubilaeum-et-global-unterstreicht-mit-vier-auftritten-bedeutung-und-wandel\/\" \/>\n<meta property=\"og:site_name\" content=\"cometis AG\" \/>\n<meta property=\"article:published_time\" content=\"2019-12-02T17:02:40+00:00\" \/>\n<meta property=\"article:modified_time\" content=\"2025-01-29T12:56:31+00:00\" \/>\n<meta property=\"og:image\" content=\"https:\/\/www.cometis.de\/wp-content\/uploads\/2024\/12-old\/Cometis-Mobile-Logo-1.png\" \/>\n\t<meta property=\"og:image:width\" content=\"171\" \/>\n\t<meta property=\"og:image:height\" content=\"31\" \/>\n\t<meta property=\"og:image:type\" content=\"image\/png\" \/>\n<meta name=\"author\" content=\"Assistenz cometis AG\" \/>\n<meta name=\"twitter:card\" content=\"summary_large_image\" \/>\n<meta name=\"twitter:label1\" content=\"Verfasst von\" \/>\n\t<meta name=\"twitter:data1\" content=\"Assistenz cometis AG\" \/>\n\t<meta name=\"twitter:label2\" content=\"Gesch\u00e4tzte Lesezeit\" \/>\n\t<meta name=\"twitter:data2\" content=\"4\u00a0Minuten\" \/>\n<script type=\"application\/ld+json\" class=\"yoast-schema-graph\">{\"@context\":\"https:\\\/\\\/schema.org\",\"@graph\":[{\"@type\":\"Article\",\"@id\":\"https:\\\/\\\/www.cometis.de\\\/de\\\/2-dezember-2019-die-messe-sps-in-nuernberg-feiert-30-jaehriges-jubilaeum-et-global-unterstreicht-mit-vier-auftritten-bedeutung-und-wandel\\\/#article\",\"isPartOf\":{\"@id\":\"https:\\\/\\\/www.cometis.de\\\/de\\\/2-dezember-2019-die-messe-sps-in-nuernberg-feiert-30-jaehriges-jubilaeum-et-global-unterstreicht-mit-vier-auftritten-bedeutung-und-wandel\\\/\"},\"author\":{\"name\":\"Assistenz cometis AG\",\"@id\":\"https:\\\/\\\/www.cometis.de\\\/de\\\/#\\\/schema\\\/person\\\/5359bae3178840cd846706150aa69cd1\"},\"headline\":\"2. Dezember 2019 | Die Messe SPS in N\u00fcrnberg feiert 30-j\u00e4hriges Jubil\u00e4um &#8211; ET GLOBAL unterstreicht mit vier Auftritten Bedeutung und Wandel\",\"datePublished\":\"2019-12-02T17:02:40+00:00\",\"dateModified\":\"2025-01-29T12:56:31+00:00\",\"mainEntityOfPage\":{\"@id\":\"https:\\\/\\\/www.cometis.de\\\/de\\\/2-dezember-2019-die-messe-sps-in-nuernberg-feiert-30-jaehriges-jubilaeum-et-global-unterstreicht-mit-vier-auftritten-bedeutung-und-wandel\\\/\"},\"wordCount\":805,\"publisher\":{\"@id\":\"https:\\\/\\\/www.cometis.de\\\/de\\\/#organization\"},\"image\":{\"@id\":\"https:\\\/\\\/www.cometis.de\\\/de\\\/2-dezember-2019-die-messe-sps-in-nuernberg-feiert-30-jaehriges-jubilaeum-et-global-unterstreicht-mit-vier-auftritten-bedeutung-und-wandel\\\/#primaryimage\"},\"thumbnailUrl\":\"https:\\\/\\\/www.cometis.de\\\/wp-content\\\/uploads\\\/2022\\\/06\\\/icon_newsroom.svg\",\"keywords\":[\"2019\"],\"articleSection\":[\"E3 Corporate News\",\"News\"],\"inLanguage\":\"de\"},{\"@type\":\"WebPage\",\"@id\":\"https:\\\/\\\/www.cometis.de\\\/de\\\/2-dezember-2019-die-messe-sps-in-nuernberg-feiert-30-jaehriges-jubilaeum-et-global-unterstreicht-mit-vier-auftritten-bedeutung-und-wandel\\\/\",\"url\":\"https:\\\/\\\/www.cometis.de\\\/de\\\/2-dezember-2019-die-messe-sps-in-nuernberg-feiert-30-jaehriges-jubilaeum-et-global-unterstreicht-mit-vier-auftritten-bedeutung-und-wandel\\\/\",\"name\":\"2. Dezember 2019 | Die Messe SPS in N\u00fcrnberg feiert 30-j\u00e4hriges Jubil\u00e4um - ET GLOBAL unterstreicht mit vier Auftritten Bedeutung und Wandel - cometis AG\",\"isPartOf\":{\"@id\":\"https:\\\/\\\/www.cometis.de\\\/de\\\/#website\"},\"primaryImageOfPage\":{\"@id\":\"https:\\\/\\\/www.cometis.de\\\/de\\\/2-dezember-2019-die-messe-sps-in-nuernberg-feiert-30-jaehriges-jubilaeum-et-global-unterstreicht-mit-vier-auftritten-bedeutung-und-wandel\\\/#primaryimage\"},\"image\":{\"@id\":\"https:\\\/\\\/www.cometis.de\\\/de\\\/2-dezember-2019-die-messe-sps-in-nuernberg-feiert-30-jaehriges-jubilaeum-et-global-unterstreicht-mit-vier-auftritten-bedeutung-und-wandel\\\/#primaryimage\"},\"thumbnailUrl\":\"https:\\\/\\\/www.cometis.de\\\/wp-content\\\/uploads\\\/2022\\\/06\\\/icon_newsroom.svg\",\"datePublished\":\"2019-12-02T17:02:40+00:00\",\"dateModified\":\"2025-01-29T12:56:31+00:00\",\"breadcrumb\":{\"@id\":\"https:\\\/\\\/www.cometis.de\\\/de\\\/2-dezember-2019-die-messe-sps-in-nuernberg-feiert-30-jaehriges-jubilaeum-et-global-unterstreicht-mit-vier-auftritten-bedeutung-und-wandel\\\/#breadcrumb\"},\"inLanguage\":\"de\",\"potentialAction\":[{\"@type\":\"ReadAction\",\"target\":[\"https:\\\/\\\/www.cometis.de\\\/de\\\/2-dezember-2019-die-messe-sps-in-nuernberg-feiert-30-jaehriges-jubilaeum-et-global-unterstreicht-mit-vier-auftritten-bedeutung-und-wandel\\\/\"]}]},{\"@type\":\"ImageObject\",\"inLanguage\":\"de\",\"@id\":\"https:\\\/\\\/www.cometis.de\\\/de\\\/2-dezember-2019-die-messe-sps-in-nuernberg-feiert-30-jaehriges-jubilaeum-et-global-unterstreicht-mit-vier-auftritten-bedeutung-und-wandel\\\/#primaryimage\",\"url\":\"https:\\\/\\\/www.cometis.de\\\/wp-content\\\/uploads\\\/2022\\\/06\\\/icon_newsroom.svg\",\"contentUrl\":\"https:\\\/\\\/www.cometis.de\\\/wp-content\\\/uploads\\\/2022\\\/06\\\/icon_newsroom.svg\",\"width\":172,\"height\":172},{\"@type\":\"BreadcrumbList\",\"@id\":\"https:\\\/\\\/www.cometis.de\\\/de\\\/2-dezember-2019-die-messe-sps-in-nuernberg-feiert-30-jaehriges-jubilaeum-et-global-unterstreicht-mit-vier-auftritten-bedeutung-und-wandel\\\/#breadcrumb\",\"itemListElement\":[{\"@type\":\"ListItem\",\"position\":1,\"name\":\"Home\",\"item\":\"https:\\\/\\\/www.cometis.de\\\/de\\\/\"},{\"@type\":\"ListItem\",\"position\":2,\"name\":\"E3 Corporate News\",\"item\":\"https:\\\/\\\/www.cometis.de\\\/de\\\/category\\\/e3-corporate-news\\\/\"},{\"@type\":\"ListItem\",\"position\":3,\"name\":\"2. Dezember 2019 | Die Messe SPS in N\u00fcrnberg feiert 30-j\u00e4hriges Jubil\u00e4um &#8211; ET GLOBAL unterstreicht mit vier Auftritten Bedeutung und Wandel\"}]},{\"@type\":\"WebSite\",\"@id\":\"https:\\\/\\\/www.cometis.de\\\/de\\\/#website\",\"url\":\"https:\\\/\\\/www.cometis.de\\\/de\\\/\",\"name\":\"cometis AG\",\"description\":\"Deutschlands f\u00fchrende Investor Relations Agentur\",\"publisher\":{\"@id\":\"https:\\\/\\\/www.cometis.de\\\/de\\\/#organization\"},\"potentialAction\":[{\"@type\":\"SearchAction\",\"target\":{\"@type\":\"EntryPoint\",\"urlTemplate\":\"https:\\\/\\\/www.cometis.de\\\/de\\\/?s={search_term_string}\"},\"query-input\":{\"@type\":\"PropertyValueSpecification\",\"valueRequired\":true,\"valueName\":\"search_term_string\"}}],\"inLanguage\":\"de\"},{\"@type\":\"Organization\",\"@id\":\"https:\\\/\\\/www.cometis.de\\\/de\\\/#organization\",\"name\":\"cometis AG\",\"alternateName\":\"Deutschlands f\u00fchrende Investor Relations Agentur\",\"url\":\"https:\\\/\\\/www.cometis.de\\\/de\\\/\",\"logo\":{\"@type\":\"ImageObject\",\"inLanguage\":\"de\",\"@id\":\"https:\\\/\\\/www.cometis.de\\\/de\\\/#\\\/schema\\\/logo\\\/image\\\/\",\"url\":\"https:\\\/\\\/www.cometis.de\\\/wp-content\\\/uploads\\\/2024\\\/12-old\\\/Cometis-Mobile-Logo-1.png\",\"contentUrl\":\"https:\\\/\\\/www.cometis.de\\\/wp-content\\\/uploads\\\/2024\\\/12-old\\\/Cometis-Mobile-Logo-1.png\",\"width\":171,\"height\":31,\"caption\":\"cometis AG\"},\"image\":{\"@id\":\"https:\\\/\\\/www.cometis.de\\\/de\\\/#\\\/schema\\\/logo\\\/image\\\/\"},\"sameAs\":[\"https:\\\/\\\/www.linkedin.com\\\/company\\\/cometis-ag\\\/\",\"https:\\\/\\\/www.youtube.com\\\/user\\\/cometisAG\"]},{\"@type\":\"Person\",\"@id\":\"https:\\\/\\\/www.cometis.de\\\/de\\\/#\\\/schema\\\/person\\\/5359bae3178840cd846706150aa69cd1\",\"name\":\"Assistenz cometis AG\",\"image\":{\"@type\":\"ImageObject\",\"inLanguage\":\"de\",\"@id\":\"https:\\\/\\\/secure.gravatar.com\\\/avatar\\\/43da04bfaca4f56c43243bf29c1e464e0dbbc04dfd398bead7b5594ba02bcec9?s=96&d=mm&r=g\",\"url\":\"https:\\\/\\\/secure.gravatar.com\\\/avatar\\\/43da04bfaca4f56c43243bf29c1e464e0dbbc04dfd398bead7b5594ba02bcec9?s=96&d=mm&r=g\",\"contentUrl\":\"https:\\\/\\\/secure.gravatar.com\\\/avatar\\\/43da04bfaca4f56c43243bf29c1e464e0dbbc04dfd398bead7b5594ba02bcec9?s=96&d=mm&r=g\",\"caption\":\"Assistenz cometis AG\"},\"url\":\"https:\\\/\\\/www.cometis.de\\\/de\\\/author\\\/assistenz-cometis-ag\\\/\"}]}<\/script>\n<!-- \/ Yoast SEO Premium plugin. -->","yoast_head_json":{"title":"2. Dezember 2019 | Die Messe SPS in N\u00fcrnberg feiert 30-j\u00e4hriges Jubil\u00e4um - ET GLOBAL unterstreicht mit vier Auftritten Bedeutung und Wandel - cometis AG","robots":{"index":"index","follow":"follow","max-snippet":"max-snippet:-1","max-image-preview":"max-image-preview:large","max-video-preview":"max-video-preview:-1"},"canonical":"https:\/\/www.cometis.de\/de\/2-dezember-2019-die-messe-sps-in-nuernberg-feiert-30-jaehriges-jubilaeum-et-global-unterstreicht-mit-vier-auftritten-bedeutung-und-wandel\/","og_locale":"de_DE","og_type":"article","og_title":"2. Dezember 2019 | Die Messe SPS in N\u00fcrnberg feiert 30-j\u00e4hriges Jubil\u00e4um - ET GLOBAL unterstreicht mit vier Auftritten Bedeutung und Wandel","og_description":"Corporate News zum Archiv Die Messe SPS in N\u00fcrnberg feiert 30-j\u00e4hriges Jubil\u00e4um &#8211;\u00a0ET GLOBAL unterstreicht mit vier Auftritten Bedeutung und Wandel Von einem 30-j\u00e4hrigen Jubil\u00e4um, von Reiz und Pflicht ewiger Jugend, dem Unterschied zwischen Automatismus und smarter Automatisierung und wie man an einem Standort ganz unterschiedliche Standpunkte anziehend gestaltet. Frankfurt am Main, 02. Dezember 2019 [&hellip;]","og_url":"https:\/\/www.cometis.de\/de\/2-dezember-2019-die-messe-sps-in-nuernberg-feiert-30-jaehriges-jubilaeum-et-global-unterstreicht-mit-vier-auftritten-bedeutung-und-wandel\/","og_site_name":"cometis AG","article_published_time":"2019-12-02T17:02:40+00:00","article_modified_time":"2025-01-29T12:56:31+00:00","og_image":[{"width":171,"height":31,"url":"https:\/\/www.cometis.de\/wp-content\/uploads\/2024\/12-old\/Cometis-Mobile-Logo-1.png","type":"image\/png"}],"author":"Assistenz cometis AG","twitter_card":"summary_large_image","twitter_misc":{"Verfasst von":"Assistenz cometis AG","Gesch\u00e4tzte Lesezeit":"4\u00a0Minuten"},"schema":{"@context":"https:\/\/schema.org","@graph":[{"@type":"Article","@id":"https:\/\/www.cometis.de\/de\/2-dezember-2019-die-messe-sps-in-nuernberg-feiert-30-jaehriges-jubilaeum-et-global-unterstreicht-mit-vier-auftritten-bedeutung-und-wandel\/#article","isPartOf":{"@id":"https:\/\/www.cometis.de\/de\/2-dezember-2019-die-messe-sps-in-nuernberg-feiert-30-jaehriges-jubilaeum-et-global-unterstreicht-mit-vier-auftritten-bedeutung-und-wandel\/"},"author":{"name":"Assistenz cometis AG","@id":"https:\/\/www.cometis.de\/de\/#\/schema\/person\/5359bae3178840cd846706150aa69cd1"},"headline":"2. Dezember 2019 | Die Messe SPS in N\u00fcrnberg feiert 30-j\u00e4hriges Jubil\u00e4um &#8211; ET GLOBAL unterstreicht mit vier Auftritten Bedeutung und Wandel","datePublished":"2019-12-02T17:02:40+00:00","dateModified":"2025-01-29T12:56:31+00:00","mainEntityOfPage":{"@id":"https:\/\/www.cometis.de\/de\/2-dezember-2019-die-messe-sps-in-nuernberg-feiert-30-jaehriges-jubilaeum-et-global-unterstreicht-mit-vier-auftritten-bedeutung-und-wandel\/"},"wordCount":805,"publisher":{"@id":"https:\/\/www.cometis.de\/de\/#organization"},"image":{"@id":"https:\/\/www.cometis.de\/de\/2-dezember-2019-die-messe-sps-in-nuernberg-feiert-30-jaehriges-jubilaeum-et-global-unterstreicht-mit-vier-auftritten-bedeutung-und-wandel\/#primaryimage"},"thumbnailUrl":"https:\/\/www.cometis.de\/wp-content\/uploads\/2022\/06\/icon_newsroom.svg","keywords":["2019"],"articleSection":["E3 Corporate News","News"],"inLanguage":"de"},{"@type":"WebPage","@id":"https:\/\/www.cometis.de\/de\/2-dezember-2019-die-messe-sps-in-nuernberg-feiert-30-jaehriges-jubilaeum-et-global-unterstreicht-mit-vier-auftritten-bedeutung-und-wandel\/","url":"https:\/\/www.cometis.de\/de\/2-dezember-2019-die-messe-sps-in-nuernberg-feiert-30-jaehriges-jubilaeum-et-global-unterstreicht-mit-vier-auftritten-bedeutung-und-wandel\/","name":"2. Dezember 2019 | Die Messe SPS in N\u00fcrnberg feiert 30-j\u00e4hriges Jubil\u00e4um - ET GLOBAL unterstreicht mit vier Auftritten Bedeutung und Wandel - cometis AG","isPartOf":{"@id":"https:\/\/www.cometis.de\/de\/#website"},"primaryImageOfPage":{"@id":"https:\/\/www.cometis.de\/de\/2-dezember-2019-die-messe-sps-in-nuernberg-feiert-30-jaehriges-jubilaeum-et-global-unterstreicht-mit-vier-auftritten-bedeutung-und-wandel\/#primaryimage"},"image":{"@id":"https:\/\/www.cometis.de\/de\/2-dezember-2019-die-messe-sps-in-nuernberg-feiert-30-jaehriges-jubilaeum-et-global-unterstreicht-mit-vier-auftritten-bedeutung-und-wandel\/#primaryimage"},"thumbnailUrl":"https:\/\/www.cometis.de\/wp-content\/uploads\/2022\/06\/icon_newsroom.svg","datePublished":"2019-12-02T17:02:40+00:00","dateModified":"2025-01-29T12:56:31+00:00","breadcrumb":{"@id":"https:\/\/www.cometis.de\/de\/2-dezember-2019-die-messe-sps-in-nuernberg-feiert-30-jaehriges-jubilaeum-et-global-unterstreicht-mit-vier-auftritten-bedeutung-und-wandel\/#breadcrumb"},"inLanguage":"de","potentialAction":[{"@type":"ReadAction","target":["https:\/\/www.cometis.de\/de\/2-dezember-2019-die-messe-sps-in-nuernberg-feiert-30-jaehriges-jubilaeum-et-global-unterstreicht-mit-vier-auftritten-bedeutung-und-wandel\/"]}]},{"@type":"ImageObject","inLanguage":"de","@id":"https:\/\/www.cometis.de\/de\/2-dezember-2019-die-messe-sps-in-nuernberg-feiert-30-jaehriges-jubilaeum-et-global-unterstreicht-mit-vier-auftritten-bedeutung-und-wandel\/#primaryimage","url":"https:\/\/www.cometis.de\/wp-content\/uploads\/2022\/06\/icon_newsroom.svg","contentUrl":"https:\/\/www.cometis.de\/wp-content\/uploads\/2022\/06\/icon_newsroom.svg","width":172,"height":172},{"@type":"BreadcrumbList","@id":"https:\/\/www.cometis.de\/de\/2-dezember-2019-die-messe-sps-in-nuernberg-feiert-30-jaehriges-jubilaeum-et-global-unterstreicht-mit-vier-auftritten-bedeutung-und-wandel\/#breadcrumb","itemListElement":[{"@type":"ListItem","position":1,"name":"Home","item":"https:\/\/www.cometis.de\/de\/"},{"@type":"ListItem","position":2,"name":"E3 Corporate News","item":"https:\/\/www.cometis.de\/de\/category\/e3-corporate-news\/"},{"@type":"ListItem","position":3,"name":"2. Dezember 2019 | Die Messe SPS in N\u00fcrnberg feiert 30-j\u00e4hriges Jubil\u00e4um &#8211; ET GLOBAL unterstreicht mit vier Auftritten Bedeutung und Wandel"}]},{"@type":"WebSite","@id":"https:\/\/www.cometis.de\/de\/#website","url":"https:\/\/www.cometis.de\/de\/","name":"cometis AG","description":"Deutschlands f\u00fchrende Investor Relations Agentur","publisher":{"@id":"https:\/\/www.cometis.de\/de\/#organization"},"potentialAction":[{"@type":"SearchAction","target":{"@type":"EntryPoint","urlTemplate":"https:\/\/www.cometis.de\/de\/?s={search_term_string}"},"query-input":{"@type":"PropertyValueSpecification","valueRequired":true,"valueName":"search_term_string"}}],"inLanguage":"de"},{"@type":"Organization","@id":"https:\/\/www.cometis.de\/de\/#organization","name":"cometis AG","alternateName":"Deutschlands f\u00fchrende Investor Relations Agentur","url":"https:\/\/www.cometis.de\/de\/","logo":{"@type":"ImageObject","inLanguage":"de","@id":"https:\/\/www.cometis.de\/de\/#\/schema\/logo\/image\/","url":"https:\/\/www.cometis.de\/wp-content\/uploads\/2024\/12-old\/Cometis-Mobile-Logo-1.png","contentUrl":"https:\/\/www.cometis.de\/wp-content\/uploads\/2024\/12-old\/Cometis-Mobile-Logo-1.png","width":171,"height":31,"caption":"cometis AG"},"image":{"@id":"https:\/\/www.cometis.de\/de\/#\/schema\/logo\/image\/"},"sameAs":["https:\/\/www.linkedin.com\/company\/cometis-ag\/","https:\/\/www.youtube.com\/user\/cometisAG"]},{"@type":"Person","@id":"https:\/\/www.cometis.de\/de\/#\/schema\/person\/5359bae3178840cd846706150aa69cd1","name":"Assistenz cometis AG","image":{"@type":"ImageObject","inLanguage":"de","@id":"https:\/\/secure.gravatar.com\/avatar\/43da04bfaca4f56c43243bf29c1e464e0dbbc04dfd398bead7b5594ba02bcec9?s=96&d=mm&r=g","url":"https:\/\/secure.gravatar.com\/avatar\/43da04bfaca4f56c43243bf29c1e464e0dbbc04dfd398bead7b5594ba02bcec9?s=96&d=mm&r=g","contentUrl":"https:\/\/secure.gravatar.com\/avatar\/43da04bfaca4f56c43243bf29c1e464e0dbbc04dfd398bead7b5594ba02bcec9?s=96&d=mm&r=g","caption":"Assistenz cometis AG"},"url":"https:\/\/www.cometis.de\/de\/author\/assistenz-cometis-ag\/"}]}},"_links":{"self":[{"href":"https:\/\/www.cometis.de\/de\/wp-json\/wp\/v2\/posts\/30055","targetHints":{"allow":["GET"]}}],"collection":[{"href":"https:\/\/www.cometis.de\/de\/wp-json\/wp\/v2\/posts"}],"about":[{"href":"https:\/\/www.cometis.de\/de\/wp-json\/wp\/v2\/types\/post"}],"author":[{"embeddable":true,"href":"https:\/\/www.cometis.de\/de\/wp-json\/wp\/v2\/users\/2"}],"replies":[{"embeddable":true,"href":"https:\/\/www.cometis.de\/de\/wp-json\/wp\/v2\/comments?post=30055"}],"version-history":[{"count":0,"href":"https:\/\/www.cometis.de\/de\/wp-json\/wp\/v2\/posts\/30055\/revisions"}],"wp:featuredmedia":[{"embeddable":true,"href":"https:\/\/www.cometis.de\/de\/wp-json\/wp\/v2\/media\/98872"}],"wp:attachment":[{"href":"https:\/\/www.cometis.de\/de\/wp-json\/wp\/v2\/media?parent=30055"}],"wp:term":[{"taxonomy":"category","embeddable":true,"href":"https:\/\/www.cometis.de\/de\/wp-json\/wp\/v2\/categories?post=30055"},{"taxonomy":"post_tag","embeddable":true,"href":"https:\/\/www.cometis.de\/de\/wp-json\/wp\/v2\/tags?post=30055"}],"curies":[{"name":"wp","href":"https:\/\/api.w.org\/{rel}","templated":true}]}}