{"id":30578,"date":"2020-01-14T14:07:17","date_gmt":"2020-01-14T13:07:17","guid":{"rendered":"https:\/\/wordpress-783423-2671269.cloudwaysapps.com\/?p=30578"},"modified":"2025-01-29T14:03:41","modified_gmt":"2025-01-29T13:03:41","slug":"13-januar-2020-delticom-ag-veraenderung-im-aufsichtsrat-der-delticom-ag","status":"publish","type":"post","link":"https:\/\/www.cometis.de\/de\/13-januar-2020-delticom-ag-veraenderung-im-aufsichtsrat-der-delticom-ag\/","title":{"rendered":"13. Januar 2020 | Delticom AG: Ver\u00e4nderung im Aufsichtsrat der Delticom AG"},"content":{"rendered":"<style> .zur\u00fcckbutton:before {display: inline-block; font-family: \"ETmodules\"; content: \"4a\"; color: #00225f; margin-right: 7px;} .zur\u00fcckbutton:hover:before {display: inline-block; font-family: \"ETmodules\"; content: \"4a\"; color: #d85710; margin-right: 7px;}<\/style>\n<h1>Ad-Hoc-Mitteilung<\/h1>\n<p><a class=\"zur\u00fcckbutton\" href=\"https:\/\/cometis.de\/veroeffentlichungsarchiv-delticom\">zum Archiv<\/a><\/p>\n<h1><strong>Delticom AG: Ver\u00e4nderung im Aufsichtsrat der Delticom AG<\/strong><\/h1>\n<p><strong>Hannover, 13. Januar 2020<\/stong> \u2013 Der Vorsitzende des Aufsichtsrats, Mitgr\u00fcnder und mittelbare Gro\u00dfaktion\u00e4r der Delticom AG (WKN 514680, ISIN DE0005146807, B\u00f6rsenk\u00fcrzel DEX), Herr Rainer Binder, hat dem Vorstand heute mitgeteilt, dass er seine \u00c4mter als Vorsitzender und Mitglied des Aufsichtsrats aus pers\u00f6nlichen Gr\u00fcnden mit Wirkung zum 29. Februar 2020 niederzule-gen beabsichtigt. Herr Binder hat dem Vorstand der Delticom AG ferner mitgeteilt, dass er der Gesellschaft weiterhin verbunden bleiben m\u00f6chte und hat angeboten, sein langj\u00e4hriges Know-how in den Bereichen Einkauf und Pricing auch nach Beendigung seiner Aufsichtsratst\u00e4tigkeit im Rahmen eines Beratervertrags weiterhin in die Gesellschaft einzubringen. Dabei wird er auf eine Verg\u00fctung f\u00fcr seine T\u00e4tigkeit verzichten, um den erfolgreichen Turnaround-Prozess der Gesellschaft weiter zu unterst\u00fctzen. Der Vorstand von Delticom begr\u00fc\u00dft dieses Angebot und beabsichtigt, mit Herrn Binder einen entsprechenden Beratervertrag abzuschlie\u00dfen, der nach dem Ausscheiden von Herrn Binder aus dem Aufsichtsrat in Kraft tritt.<\/p>\n<p><strong>\u00dcber Delticom:<\/strong><\/p>\n<p>Mit der Marke ReifenDirekt ist die Delticom AG das f\u00fchrende Unternehmen in Europa f\u00fcr die Onlinedistribution von Reifen und Komplettr\u00e4dern.<\/p>\n<p>Das Produktportfolio f\u00fcr Privat- und Gesch\u00e4ftskunden umfasst ein beispiellos gro\u00dfes Sortiment aus mehr als 100 Marken und \u00fcber 25.000 Reifenmodelle f\u00fcr Pkw, Motorr\u00e4der, Lkw, Nutzfahrzeuge und Busse. Komplettr\u00e4der und Felgen komplettieren das Produktangebot. In 73 L\u00e4ndern betreibt die Gesellschaft 475 Onlineshops sowie Onlinevertriebsplattformen und betreut dar\u00fcber mehr als 14 Millionen Kunden.<\/p>\n<p>Zum Service geh\u00f6rt, dass die bestellten Produkte auf Wunsch des Kunden zur Montage zu einem der weltweit rund 40.000 Servicepartner von Delticom geschickt werden k\u00f6nnen.<\/p>\n<p>Das Unternehmen mit Sitz in Hannover, Deutschland, ist vornehmlich in Europa und den USA t\u00e4tig und besitzt umfassendes Know-how beim Aufbau und Betrieb von Onlineshops, in der Internet-Kundenakquise, in der Internetvermarktung sowie beim Aufbau von Partnernetzwerken.<\/p>\n<p>Seit der Gr\u00fcndung 1999 hat Delticom eine umfassende Expertise bei der Gestaltung effizienter und systemseitig voll integrierter Bestell- und Logistikprozesse aufgebaut. Eigene Lager geh\u00f6ren zu den wesentlichen Assets der Gesellschaft.<\/p>\n<p>Im Gesch\u00e4ftsjahr 2018 hat die AG mit durchschnittlich 281 Besch\u00e4ftigten einen Umsatz von mehr als 645 Millionen Euro generiert.<\/p>\n<p>Die Aktien der Delticom AG sind seit Oktober 2006 im Prime Standard der Deutschen B\u00f6rse gelistet (ISIN DE0005146807).<\/p>\n<p>Im Internet unter: <a href=\"http:\/\/www.delti.com\">www.delti.com<\/a><\/p>\n<p><strong>Kontakt:<br \/>\n<\/strong>Delticom AG<br \/>\nInvestor Relations<br \/>\nMelanie Gereke<br \/>\nBr\u00fchlstra\u00dfe 11<br \/>\n30169 Hannover<br \/>\nTel.: +49 (0)511-93634-8903<br \/>\nFax: +49 (0)511-8798-9138<br \/>\nE-Mail: <a href=\"mailto:melanie.gereke@delti.com\">melanie.gereke@delti.com<\/a><\/p>\n<div class=\"leseprobe-archiv\"><a title=\"Beitrag als PDF\" href=\"https:\/\/cometis.de\/wp-content\/uploads\/2020\/01\/d_Delticom_Adhoc_13012020.pdf\" target=\"_blank\" rel=\"noopener noreferrer\">Beitrag als PDF<\/a><\/div>\n<style> .leseprobe-archiv {color: #00225f !important; border-color: #00225f; position: relative; padding: 0.3em 1em; border: 1px solid; -webkit-border-radius: 3px; -moz-border-radius: 3px; border-radius: 3px; -webkit-transition: all 0.2s; -moz-transition: all 0.2s; transition: all 0.2s; padding:10px; width: 19%; text-align: center; margin-right: 10px; float:left;} .leseprobe-archiv:hover {background-color: #eee; border-color: #ffffff; cursor: pointer;}<\/style>\n","protected":false},"excerpt":{"rendered":"<p>Ad-Hoc-Mitteilung zum Archiv Delticom AG: Ver\u00e4nderung im Aufsichtsrat der Delticom AG Hannover, 13. Januar 2020 \u2013 Der Vorsitzende des Aufsichtsrats, Mitgr\u00fcnder und mittelbare Gro\u00dfaktion\u00e4r der Delticom AG (WKN 514680, ISIN DE0005146807, B\u00f6rsenk\u00fcrzel DEX), Herr Rainer Binder, hat dem Vorstand heute mitgeteilt, dass er seine \u00c4mter als Vorsitzender und Mitglied des Aufsichtsrats aus pers\u00f6nlichen Gr\u00fcnden mit [&hellip;]<\/p>\n","protected":false},"author":2,"featured_media":98872,"comment_status":"closed","ping_status":"open","sticky":false,"template":"","format":"standard","meta":{"_acf_changed":false,"footnotes":""},"categories":[134,88],"tags":[271],"class_list":["post-30578","post","type-post","status-publish","format-standard","has-post-thumbnail","hentry","category-delticom-ad-hoc-mitteilungen","category-news","tag-271"],"acf":[],"yoast_head":"<!-- This site is optimized with the Yoast SEO Premium plugin v26.2 (Yoast SEO v27.4) - https:\/\/yoast.com\/product\/yoast-seo-premium-wordpress\/ -->\n<title>13. Januar 2020 | Delticom AG: Ver\u00e4nderung im Aufsichtsrat der Delticom AG - cometis AG<\/title>\n<meta name=\"description\" content=\"Hannover, 13. Januar 2020 \u2013 Der Vorsitzende des Aufsichtsrats, Mitgr\u00fcnder und mittelbare Gro\u00dfaktion\u00e4r der Delticom AG (WKN 514680, ISIN DE0005146807, B\u00f6rsenk\u00fcrzel DEX), Herr Rainer Binder, hat dem Vorstand heute mitgeteilt, dass er seine \u00c4mter als Vorsitzender und Mitglied des Aufsichtsrats aus pers\u00f6nlichen Gr\u00fcnden mit Wirkung zum 29. Februar 2020 niederzulegen beabsichtigt.\" \/>\n<meta name=\"robots\" content=\"index, follow, max-snippet:-1, max-image-preview:large, max-video-preview:-1\" \/>\n<link rel=\"canonical\" href=\"https:\/\/www.cometis.de\/de\/13-januar-2020-delticom-ag-veraenderung-im-aufsichtsrat-der-delticom-ag\/\" \/>\n<meta property=\"og:locale\" content=\"de_DE\" \/>\n<meta property=\"og:type\" content=\"article\" \/>\n<meta property=\"og:title\" content=\"13. Januar 2020 | Delticom AG: Ver\u00e4nderung im Aufsichtsrat der Delticom AG\" \/>\n<meta property=\"og:description\" content=\"Hannover, 13. Januar 2020 \u2013 Der Vorsitzende des Aufsichtsrats, Mitgr\u00fcnder und mittelbare Gro\u00dfaktion\u00e4r der Delticom AG (WKN 514680, ISIN DE0005146807, B\u00f6rsenk\u00fcrzel DEX), Herr Rainer Binder, hat dem Vorstand heute mitgeteilt, dass er seine \u00c4mter als Vorsitzender und Mitglied des Aufsichtsrats aus pers\u00f6nlichen Gr\u00fcnden mit Wirkung zum 29. Februar 2020 niederzulegen beabsichtigt.\" \/>\n<meta property=\"og:url\" content=\"https:\/\/www.cometis.de\/de\/13-januar-2020-delticom-ag-veraenderung-im-aufsichtsrat-der-delticom-ag\/\" \/>\n<meta property=\"og:site_name\" content=\"cometis AG\" \/>\n<meta property=\"article:published_time\" content=\"2020-01-14T13:07:17+00:00\" \/>\n<meta property=\"article:modified_time\" content=\"2025-01-29T13:03:41+00:00\" \/>\n<meta property=\"og:image\" content=\"https:\/\/www.cometis.de\/wp-content\/uploads\/2024\/12-old\/Cometis-Mobile-Logo-1.png\" \/>\n\t<meta property=\"og:image:width\" content=\"171\" \/>\n\t<meta property=\"og:image:height\" content=\"31\" \/>\n\t<meta property=\"og:image:type\" content=\"image\/png\" \/>\n<meta name=\"author\" content=\"Assistenz cometis AG\" \/>\n<meta name=\"twitter:card\" content=\"summary_large_image\" \/>\n<meta name=\"twitter:label1\" content=\"Verfasst von\" \/>\n\t<meta name=\"twitter:data1\" content=\"Assistenz cometis AG\" \/>\n\t<meta name=\"twitter:label2\" content=\"Gesch\u00e4tzte Lesezeit\" \/>\n\t<meta name=\"twitter:data2\" content=\"2\u00a0Minuten\" \/>\n<script type=\"application\/ld+json\" class=\"yoast-schema-graph\">{\"@context\":\"https:\\\/\\\/schema.org\",\"@graph\":[{\"@type\":\"Article\",\"@id\":\"https:\\\/\\\/www.cometis.de\\\/de\\\/13-januar-2020-delticom-ag-veraenderung-im-aufsichtsrat-der-delticom-ag\\\/#article\",\"isPartOf\":{\"@id\":\"https:\\\/\\\/www.cometis.de\\\/de\\\/13-januar-2020-delticom-ag-veraenderung-im-aufsichtsrat-der-delticom-ag\\\/\"},\"author\":{\"name\":\"Assistenz cometis AG\",\"@id\":\"https:\\\/\\\/www.cometis.de\\\/de\\\/#\\\/schema\\\/person\\\/5359bae3178840cd846706150aa69cd1\"},\"headline\":\"13. Januar 2020 | Delticom AG: Ver\u00e4nderung im Aufsichtsrat der Delticom AG\",\"datePublished\":\"2020-01-14T13:07:17+00:00\",\"dateModified\":\"2025-01-29T13:03:41+00:00\",\"mainEntityOfPage\":{\"@id\":\"https:\\\/\\\/www.cometis.de\\\/de\\\/13-januar-2020-delticom-ag-veraenderung-im-aufsichtsrat-der-delticom-ag\\\/\"},\"wordCount\":415,\"publisher\":{\"@id\":\"https:\\\/\\\/www.cometis.de\\\/de\\\/#organization\"},\"image\":{\"@id\":\"https:\\\/\\\/www.cometis.de\\\/de\\\/13-januar-2020-delticom-ag-veraenderung-im-aufsichtsrat-der-delticom-ag\\\/#primaryimage\"},\"thumbnailUrl\":\"https:\\\/\\\/www.cometis.de\\\/wp-content\\\/uploads\\\/2022\\\/06\\\/icon_newsroom.svg\",\"keywords\":[\"2020\"],\"articleSection\":[\"Delticom Ad-Hoc-Mitteilungen\",\"News\"],\"inLanguage\":\"de\"},{\"@type\":\"WebPage\",\"@id\":\"https:\\\/\\\/www.cometis.de\\\/de\\\/13-januar-2020-delticom-ag-veraenderung-im-aufsichtsrat-der-delticom-ag\\\/\",\"url\":\"https:\\\/\\\/www.cometis.de\\\/de\\\/13-januar-2020-delticom-ag-veraenderung-im-aufsichtsrat-der-delticom-ag\\\/\",\"name\":\"13. Januar 2020 | Delticom AG: Ver\u00e4nderung im Aufsichtsrat der Delticom AG - cometis AG\",\"isPartOf\":{\"@id\":\"https:\\\/\\\/www.cometis.de\\\/de\\\/#website\"},\"primaryImageOfPage\":{\"@id\":\"https:\\\/\\\/www.cometis.de\\\/de\\\/13-januar-2020-delticom-ag-veraenderung-im-aufsichtsrat-der-delticom-ag\\\/#primaryimage\"},\"image\":{\"@id\":\"https:\\\/\\\/www.cometis.de\\\/de\\\/13-januar-2020-delticom-ag-veraenderung-im-aufsichtsrat-der-delticom-ag\\\/#primaryimage\"},\"thumbnailUrl\":\"https:\\\/\\\/www.cometis.de\\\/wp-content\\\/uploads\\\/2022\\\/06\\\/icon_newsroom.svg\",\"datePublished\":\"2020-01-14T13:07:17+00:00\",\"dateModified\":\"2025-01-29T13:03:41+00:00\",\"description\":\"Hannover, 13. Januar 2020 \u2013 Der Vorsitzende des Aufsichtsrats, Mitgr\u00fcnder und mittelbare Gro\u00dfaktion\u00e4r der Delticom AG (WKN 514680, ISIN DE0005146807, B\u00f6rsenk\u00fcrzel DEX), Herr Rainer Binder, hat dem Vorstand heute mitgeteilt, dass er seine \u00c4mter als Vorsitzender und Mitglied des Aufsichtsrats aus pers\u00f6nlichen Gr\u00fcnden mit Wirkung zum 29. Februar 2020 niederzulegen beabsichtigt.\",\"breadcrumb\":{\"@id\":\"https:\\\/\\\/www.cometis.de\\\/de\\\/13-januar-2020-delticom-ag-veraenderung-im-aufsichtsrat-der-delticom-ag\\\/#breadcrumb\"},\"inLanguage\":\"de\",\"potentialAction\":[{\"@type\":\"ReadAction\",\"target\":[\"https:\\\/\\\/www.cometis.de\\\/de\\\/13-januar-2020-delticom-ag-veraenderung-im-aufsichtsrat-der-delticom-ag\\\/\"]}]},{\"@type\":\"ImageObject\",\"inLanguage\":\"de\",\"@id\":\"https:\\\/\\\/www.cometis.de\\\/de\\\/13-januar-2020-delticom-ag-veraenderung-im-aufsichtsrat-der-delticom-ag\\\/#primaryimage\",\"url\":\"https:\\\/\\\/www.cometis.de\\\/wp-content\\\/uploads\\\/2022\\\/06\\\/icon_newsroom.svg\",\"contentUrl\":\"https:\\\/\\\/www.cometis.de\\\/wp-content\\\/uploads\\\/2022\\\/06\\\/icon_newsroom.svg\",\"width\":172,\"height\":172},{\"@type\":\"BreadcrumbList\",\"@id\":\"https:\\\/\\\/www.cometis.de\\\/de\\\/13-januar-2020-delticom-ag-veraenderung-im-aufsichtsrat-der-delticom-ag\\\/#breadcrumb\",\"itemListElement\":[{\"@type\":\"ListItem\",\"position\":1,\"name\":\"Home\",\"item\":\"https:\\\/\\\/www.cometis.de\\\/de\\\/\"},{\"@type\":\"ListItem\",\"position\":2,\"name\":\"E3 Corporate News\",\"item\":\"https:\\\/\\\/www.cometis.de\\\/de\\\/category\\\/e3-corporate-news\\\/\"},{\"@type\":\"ListItem\",\"position\":3,\"name\":\"13. Januar 2020 | Delticom AG: Ver\u00e4nderung im Aufsichtsrat der Delticom AG\"}]},{\"@type\":\"WebSite\",\"@id\":\"https:\\\/\\\/www.cometis.de\\\/de\\\/#website\",\"url\":\"https:\\\/\\\/www.cometis.de\\\/de\\\/\",\"name\":\"cometis AG\",\"description\":\"Deutschlands f\u00fchrende Investor Relations Agentur\",\"publisher\":{\"@id\":\"https:\\\/\\\/www.cometis.de\\\/de\\\/#organization\"},\"potentialAction\":[{\"@type\":\"SearchAction\",\"target\":{\"@type\":\"EntryPoint\",\"urlTemplate\":\"https:\\\/\\\/www.cometis.de\\\/de\\\/?s={search_term_string}\"},\"query-input\":{\"@type\":\"PropertyValueSpecification\",\"valueRequired\":true,\"valueName\":\"search_term_string\"}}],\"inLanguage\":\"de\"},{\"@type\":\"Organization\",\"@id\":\"https:\\\/\\\/www.cometis.de\\\/de\\\/#organization\",\"name\":\"cometis AG\",\"alternateName\":\"Deutschlands f\u00fchrende Investor Relations Agentur\",\"url\":\"https:\\\/\\\/www.cometis.de\\\/de\\\/\",\"logo\":{\"@type\":\"ImageObject\",\"inLanguage\":\"de\",\"@id\":\"https:\\\/\\\/www.cometis.de\\\/de\\\/#\\\/schema\\\/logo\\\/image\\\/\",\"url\":\"https:\\\/\\\/www.cometis.de\\\/wp-content\\\/uploads\\\/2024\\\/12-old\\\/Cometis-Mobile-Logo-1.png\",\"contentUrl\":\"https:\\\/\\\/www.cometis.de\\\/wp-content\\\/uploads\\\/2024\\\/12-old\\\/Cometis-Mobile-Logo-1.png\",\"width\":171,\"height\":31,\"caption\":\"cometis AG\"},\"image\":{\"@id\":\"https:\\\/\\\/www.cometis.de\\\/de\\\/#\\\/schema\\\/logo\\\/image\\\/\"},\"sameAs\":[\"https:\\\/\\\/www.linkedin.com\\\/company\\\/cometis-ag\\\/\",\"https:\\\/\\\/www.youtube.com\\\/user\\\/cometisAG\"]},{\"@type\":\"Person\",\"@id\":\"https:\\\/\\\/www.cometis.de\\\/de\\\/#\\\/schema\\\/person\\\/5359bae3178840cd846706150aa69cd1\",\"name\":\"Assistenz cometis AG\",\"image\":{\"@type\":\"ImageObject\",\"inLanguage\":\"de\",\"@id\":\"https:\\\/\\\/secure.gravatar.com\\\/avatar\\\/43da04bfaca4f56c43243bf29c1e464e0dbbc04dfd398bead7b5594ba02bcec9?s=96&d=mm&r=g\",\"url\":\"https:\\\/\\\/secure.gravatar.com\\\/avatar\\\/43da04bfaca4f56c43243bf29c1e464e0dbbc04dfd398bead7b5594ba02bcec9?s=96&d=mm&r=g\",\"contentUrl\":\"https:\\\/\\\/secure.gravatar.com\\\/avatar\\\/43da04bfaca4f56c43243bf29c1e464e0dbbc04dfd398bead7b5594ba02bcec9?s=96&d=mm&r=g\",\"caption\":\"Assistenz cometis AG\"},\"url\":\"https:\\\/\\\/www.cometis.de\\\/de\\\/author\\\/assistenz-cometis-ag\\\/\"}]}<\/script>\n<!-- \/ Yoast SEO Premium plugin. -->","yoast_head_json":{"title":"13. Januar 2020 | Delticom AG: Ver\u00e4nderung im Aufsichtsrat der Delticom AG - cometis AG","description":"Hannover, 13. Januar 2020 \u2013 Der Vorsitzende des Aufsichtsrats, Mitgr\u00fcnder und mittelbare Gro\u00dfaktion\u00e4r der Delticom AG (WKN 514680, ISIN DE0005146807, B\u00f6rsenk\u00fcrzel DEX), Herr Rainer Binder, hat dem Vorstand heute mitgeteilt, dass er seine \u00c4mter als Vorsitzender und Mitglied des Aufsichtsrats aus pers\u00f6nlichen Gr\u00fcnden mit Wirkung zum 29. Februar 2020 niederzulegen beabsichtigt.","robots":{"index":"index","follow":"follow","max-snippet":"max-snippet:-1","max-image-preview":"max-image-preview:large","max-video-preview":"max-video-preview:-1"},"canonical":"https:\/\/www.cometis.de\/de\/13-januar-2020-delticom-ag-veraenderung-im-aufsichtsrat-der-delticom-ag\/","og_locale":"de_DE","og_type":"article","og_title":"13. Januar 2020 | Delticom AG: Ver\u00e4nderung im Aufsichtsrat der Delticom AG","og_description":"Hannover, 13. Januar 2020 \u2013 Der Vorsitzende des Aufsichtsrats, Mitgr\u00fcnder und mittelbare Gro\u00dfaktion\u00e4r der Delticom AG (WKN 514680, ISIN DE0005146807, B\u00f6rsenk\u00fcrzel DEX), Herr Rainer Binder, hat dem Vorstand heute mitgeteilt, dass er seine \u00c4mter als Vorsitzender und Mitglied des Aufsichtsrats aus pers\u00f6nlichen Gr\u00fcnden mit Wirkung zum 29. Februar 2020 niederzulegen beabsichtigt.","og_url":"https:\/\/www.cometis.de\/de\/13-januar-2020-delticom-ag-veraenderung-im-aufsichtsrat-der-delticom-ag\/","og_site_name":"cometis AG","article_published_time":"2020-01-14T13:07:17+00:00","article_modified_time":"2025-01-29T13:03:41+00:00","og_image":[{"width":171,"height":31,"url":"https:\/\/www.cometis.de\/wp-content\/uploads\/2024\/12-old\/Cometis-Mobile-Logo-1.png","type":"image\/png"}],"author":"Assistenz cometis AG","twitter_card":"summary_large_image","twitter_misc":{"Verfasst von":"Assistenz cometis AG","Gesch\u00e4tzte Lesezeit":"2\u00a0Minuten"},"schema":{"@context":"https:\/\/schema.org","@graph":[{"@type":"Article","@id":"https:\/\/www.cometis.de\/de\/13-januar-2020-delticom-ag-veraenderung-im-aufsichtsrat-der-delticom-ag\/#article","isPartOf":{"@id":"https:\/\/www.cometis.de\/de\/13-januar-2020-delticom-ag-veraenderung-im-aufsichtsrat-der-delticom-ag\/"},"author":{"name":"Assistenz cometis AG","@id":"https:\/\/www.cometis.de\/de\/#\/schema\/person\/5359bae3178840cd846706150aa69cd1"},"headline":"13. Januar 2020 | Delticom AG: Ver\u00e4nderung im Aufsichtsrat der Delticom AG","datePublished":"2020-01-14T13:07:17+00:00","dateModified":"2025-01-29T13:03:41+00:00","mainEntityOfPage":{"@id":"https:\/\/www.cometis.de\/de\/13-januar-2020-delticom-ag-veraenderung-im-aufsichtsrat-der-delticom-ag\/"},"wordCount":415,"publisher":{"@id":"https:\/\/www.cometis.de\/de\/#organization"},"image":{"@id":"https:\/\/www.cometis.de\/de\/13-januar-2020-delticom-ag-veraenderung-im-aufsichtsrat-der-delticom-ag\/#primaryimage"},"thumbnailUrl":"https:\/\/www.cometis.de\/wp-content\/uploads\/2022\/06\/icon_newsroom.svg","keywords":["2020"],"articleSection":["Delticom Ad-Hoc-Mitteilungen","News"],"inLanguage":"de"},{"@type":"WebPage","@id":"https:\/\/www.cometis.de\/de\/13-januar-2020-delticom-ag-veraenderung-im-aufsichtsrat-der-delticom-ag\/","url":"https:\/\/www.cometis.de\/de\/13-januar-2020-delticom-ag-veraenderung-im-aufsichtsrat-der-delticom-ag\/","name":"13. Januar 2020 | Delticom AG: Ver\u00e4nderung im Aufsichtsrat der Delticom AG - cometis AG","isPartOf":{"@id":"https:\/\/www.cometis.de\/de\/#website"},"primaryImageOfPage":{"@id":"https:\/\/www.cometis.de\/de\/13-januar-2020-delticom-ag-veraenderung-im-aufsichtsrat-der-delticom-ag\/#primaryimage"},"image":{"@id":"https:\/\/www.cometis.de\/de\/13-januar-2020-delticom-ag-veraenderung-im-aufsichtsrat-der-delticom-ag\/#primaryimage"},"thumbnailUrl":"https:\/\/www.cometis.de\/wp-content\/uploads\/2022\/06\/icon_newsroom.svg","datePublished":"2020-01-14T13:07:17+00:00","dateModified":"2025-01-29T13:03:41+00:00","description":"Hannover, 13. Januar 2020 \u2013 Der Vorsitzende des Aufsichtsrats, Mitgr\u00fcnder und mittelbare Gro\u00dfaktion\u00e4r der Delticom AG (WKN 514680, ISIN DE0005146807, B\u00f6rsenk\u00fcrzel DEX), Herr Rainer Binder, hat dem Vorstand heute mitgeteilt, dass er seine \u00c4mter als Vorsitzender und Mitglied des Aufsichtsrats aus pers\u00f6nlichen Gr\u00fcnden mit Wirkung zum 29. Februar 2020 niederzulegen beabsichtigt.","breadcrumb":{"@id":"https:\/\/www.cometis.de\/de\/13-januar-2020-delticom-ag-veraenderung-im-aufsichtsrat-der-delticom-ag\/#breadcrumb"},"inLanguage":"de","potentialAction":[{"@type":"ReadAction","target":["https:\/\/www.cometis.de\/de\/13-januar-2020-delticom-ag-veraenderung-im-aufsichtsrat-der-delticom-ag\/"]}]},{"@type":"ImageObject","inLanguage":"de","@id":"https:\/\/www.cometis.de\/de\/13-januar-2020-delticom-ag-veraenderung-im-aufsichtsrat-der-delticom-ag\/#primaryimage","url":"https:\/\/www.cometis.de\/wp-content\/uploads\/2022\/06\/icon_newsroom.svg","contentUrl":"https:\/\/www.cometis.de\/wp-content\/uploads\/2022\/06\/icon_newsroom.svg","width":172,"height":172},{"@type":"BreadcrumbList","@id":"https:\/\/www.cometis.de\/de\/13-januar-2020-delticom-ag-veraenderung-im-aufsichtsrat-der-delticom-ag\/#breadcrumb","itemListElement":[{"@type":"ListItem","position":1,"name":"Home","item":"https:\/\/www.cometis.de\/de\/"},{"@type":"ListItem","position":2,"name":"E3 Corporate News","item":"https:\/\/www.cometis.de\/de\/category\/e3-corporate-news\/"},{"@type":"ListItem","position":3,"name":"13. Januar 2020 | Delticom AG: Ver\u00e4nderung im Aufsichtsrat der Delticom AG"}]},{"@type":"WebSite","@id":"https:\/\/www.cometis.de\/de\/#website","url":"https:\/\/www.cometis.de\/de\/","name":"cometis AG","description":"Deutschlands f\u00fchrende Investor Relations Agentur","publisher":{"@id":"https:\/\/www.cometis.de\/de\/#organization"},"potentialAction":[{"@type":"SearchAction","target":{"@type":"EntryPoint","urlTemplate":"https:\/\/www.cometis.de\/de\/?s={search_term_string}"},"query-input":{"@type":"PropertyValueSpecification","valueRequired":true,"valueName":"search_term_string"}}],"inLanguage":"de"},{"@type":"Organization","@id":"https:\/\/www.cometis.de\/de\/#organization","name":"cometis AG","alternateName":"Deutschlands f\u00fchrende Investor Relations Agentur","url":"https:\/\/www.cometis.de\/de\/","logo":{"@type":"ImageObject","inLanguage":"de","@id":"https:\/\/www.cometis.de\/de\/#\/schema\/logo\/image\/","url":"https:\/\/www.cometis.de\/wp-content\/uploads\/2024\/12-old\/Cometis-Mobile-Logo-1.png","contentUrl":"https:\/\/www.cometis.de\/wp-content\/uploads\/2024\/12-old\/Cometis-Mobile-Logo-1.png","width":171,"height":31,"caption":"cometis AG"},"image":{"@id":"https:\/\/www.cometis.de\/de\/#\/schema\/logo\/image\/"},"sameAs":["https:\/\/www.linkedin.com\/company\/cometis-ag\/","https:\/\/www.youtube.com\/user\/cometisAG"]},{"@type":"Person","@id":"https:\/\/www.cometis.de\/de\/#\/schema\/person\/5359bae3178840cd846706150aa69cd1","name":"Assistenz cometis AG","image":{"@type":"ImageObject","inLanguage":"de","@id":"https:\/\/secure.gravatar.com\/avatar\/43da04bfaca4f56c43243bf29c1e464e0dbbc04dfd398bead7b5594ba02bcec9?s=96&d=mm&r=g","url":"https:\/\/secure.gravatar.com\/avatar\/43da04bfaca4f56c43243bf29c1e464e0dbbc04dfd398bead7b5594ba02bcec9?s=96&d=mm&r=g","contentUrl":"https:\/\/secure.gravatar.com\/avatar\/43da04bfaca4f56c43243bf29c1e464e0dbbc04dfd398bead7b5594ba02bcec9?s=96&d=mm&r=g","caption":"Assistenz cometis AG"},"url":"https:\/\/www.cometis.de\/de\/author\/assistenz-cometis-ag\/"}]}},"_links":{"self":[{"href":"https:\/\/www.cometis.de\/de\/wp-json\/wp\/v2\/posts\/30578","targetHints":{"allow":["GET"]}}],"collection":[{"href":"https:\/\/www.cometis.de\/de\/wp-json\/wp\/v2\/posts"}],"about":[{"href":"https:\/\/www.cometis.de\/de\/wp-json\/wp\/v2\/types\/post"}],"author":[{"embeddable":true,"href":"https:\/\/www.cometis.de\/de\/wp-json\/wp\/v2\/users\/2"}],"replies":[{"embeddable":true,"href":"https:\/\/www.cometis.de\/de\/wp-json\/wp\/v2\/comments?post=30578"}],"version-history":[{"count":0,"href":"https:\/\/www.cometis.de\/de\/wp-json\/wp\/v2\/posts\/30578\/revisions"}],"wp:featuredmedia":[{"embeddable":true,"href":"https:\/\/www.cometis.de\/de\/wp-json\/wp\/v2\/media\/98872"}],"wp:attachment":[{"href":"https:\/\/www.cometis.de\/de\/wp-json\/wp\/v2\/media?parent=30578"}],"wp:term":[{"taxonomy":"category","embeddable":true,"href":"https:\/\/www.cometis.de\/de\/wp-json\/wp\/v2\/categories?post=30578"},{"taxonomy":"post_tag","embeddable":true,"href":"https:\/\/www.cometis.de\/de\/wp-json\/wp\/v2\/tags?post=30578"}],"curies":[{"name":"wp","href":"https:\/\/api.w.org\/{rel}","templated":true}]}}