{"id":32838,"date":"2020-06-30T15:06:51","date_gmt":"2020-06-30T13:06:51","guid":{"rendered":"https:\/\/wordpress-783423-2671269.cloudwaysapps.com\/?p=32838"},"modified":"2025-01-29T14:03:58","modified_gmt":"2025-01-29T13:03:58","slug":"span-id2020-classpostdate30-juni-2020-manz-ag-haelt-erste-virtuelle-hauptversammlung-erfolgreich-ab","status":"publish","type":"post","link":"https:\/\/www.cometis.de\/de\/span-id2020-classpostdate30-juni-2020-manz-ag-haelt-erste-virtuelle-hauptversammlung-erfolgreich-ab\/","title":{"rendered":"30. Juni 2020 | Manz AG h\u00e4lt erste virtuelle Hauptversammlung erfolgreich ab"},"content":{"rendered":"<style> .zur\u00fcckbutton:before {display: inline-block; font-family: \"ETmodules\"; content: \"4a\"; color: #00225f; margin-right: 7px;} .zur\u00fcckbutton:hover:before {display: inline-block; font-family: \"ETmodules\"; content: \"4a\"; color: #d85710; margin-right: 7px;}<\/style>\n<h1>Corporate News<\/h1>\n<p><a class=\"zur\u00fcckbutton\" href=\"https:\/\/cometis.de\/veroeffentlichungsarchiv-manz-ag\">zum Archiv<\/a><br \/>\n&nbsp;<\/p>\n<h1>Manz AG h\u00e4lt erste virtuelle Hauptversammlung erfolgreich ab<\/h1>\n<ul>\n<li>Ordentliche Hauptversammlung 2020 fand Corona-bedingt virtuell statt<\/li>\n<li>Alle Tagesordnungspunkte angenommen; Vorstand und Aufsichtsrat mit gro\u00dfer Mehrheit entlastet<\/li>\n<li>Sehr profitables erstes Quartal 2020\u00a0trotz Covid-19 Pandemie<\/li>\n<\/ul>\n<p>Reutlingen, 30. Juni 2020 \u2013 Die Manz AG, weltweit agierender Hightech-Maschinenbauer mit umfassendem Technologieportfolio, hat am heutigen Dienstag erfolgreich ihre ordentliche Hauptversammlung 2020 abgehalten. Aufgrund der Einschr\u00e4nkungen durch die Covid-19 Pandemie wurde die Hauptversammlung in diesem Jahr virtuell durchgef\u00fchrt. Die Pr\u00e4senz des vertretenen Grundkapitals lag bei 61,0%, s\u00e4mtliche Tagesordnungspunkte wurden mit gro\u00dfer Mehrheit verabschiedet.<\/p>\n<p>Der Vorstand nutzte die Gelegenheit, den Aktion\u00e4ren detailliert \u00fcber die operative und strategische Entwicklung der Manz AG im Gesch\u00e4ftsjahr 2019 zu berichten, f\u00fcr das Vorstand und Aufsichtsrat von der Hauptversammlung mit gro\u00dfer Mehrheit entlastet wurden. Zudem richtete der Vorstand den Blick auf das profitable erste Quartal 2020 und die aktuelle Situation.<\/p>\n<p>W\u00e4hrend weltweit Unternehmen durch die Covid-19 Pandemie stark belastet sind, verbesserte die Manz AG im ersten Quartal 2020 die Profitabilit\u00e4t signifikant und erzielte ein positives Konzernergebnis. Mit Blick auf die au\u00dfergew\u00f6hnliche Situation seit Beginn der Covid-19 Pandemie sieht der Vorstand den Hightech-Maschinenbauer gut ger\u00fcstet. So wurden die bei Manz beauftragten Projekte wie geplant weitergef\u00fchrt. Bez\u00fcglich weiterer, aussichtsreicher Projektvergaben ist das Unternehmen im regelm\u00e4\u00dfigen Austausch mit den Kunden. In diesem Zusammenhang dankte der Vorstand insbesondere auch allen Mitarbeitern f\u00fcr ihren erfolgreichen Einsatz in den vergangenen Monaten trotz der Auswirkungen der Pandemie.<\/p>\n<p>Entsprechend zuversichtlich blickt Martin Drasch, Vorstandsvorsitzender der Manz AG, nach einem herausfordernden Jahr 2019 in die Zukunft: <em>\u201eWir haben durch eine sehr effiziente Projektabwicklung und Kosteneinsparungen wesentliche Fortschritte bei der Profitabilit\u00e4t erreicht. Die weiteren M\u00f6glichkeiten und Perspektiven f\u00fcr uns als Hightech-Maschinenbauer werten wir insgesamt als gut, wenngleich nat\u00fcrlich auch Manz in den derzeit gesamtwirtschaftlich schwierigen Zeiten vor besonderen Herausforderungen steht, die wir aber bisher sehr gut gemeistert haben.&#8220;<\/em><\/p>\n<p>Die detaillierten Abstimmungsergebnisse zu den jeweiligen Tagesordnungspunkten werden zeitnah auf der Unternehmenswebseite <a href=\"http:\/\/www.manz.com\/\">www.manz.com<\/a> im Bereich Investor Relations \/ Hauptversammlung zum Download zur Verf\u00fcgung gestellt.<\/p>\n<p>&nbsp;<\/p>\n<p><strong>Unternehmensprofil: <\/strong><\/p>\n<p><strong>Manz AG \u2013 passion for efficiency<\/strong><\/p>\n<p>Die 1987 gegr\u00fcndete Manz AG ist ein weltweit agierendes Hightech-Maschinenbauunternehmen. Die Gesch\u00e4ftsaktivit\u00e4ten umfassen die Segmente Solar, Electronics, Energy Storage, Contract Manufacturing und Service.<\/p>\n<p>Mit langj\u00e4hriger Expertise in der Automation, Laserbearbeitung, Bildverarbeitung und Messtechnik, Nasschemie sowie Rolle-zu-Rolle-Prozessen bietet das Unternehmen Herstellern und deren Zulieferern innovative Produktionsl\u00f6sungen in den Bereichen Photovoltaik, Elektronik und Lithium-Ionen-Batterietechnik. Das Produktportfolio umfasst sowohl kundenspezifische Entwicklungen als auch standardisierte Einzelmaschinen und Module, die zu kompletten, individuellen Systemen verkettet werden k\u00f6nnen. Vor allem durch die fr\u00fchzeitige Einbindung der Manz AG in Kundenprojekte leistet die Gesellschaft mit qualitativ hochwertigen, bedarfsorientierten L\u00f6sungen einen wesentlichen Beitrag zum Erfolg der Kunden.<\/p>\n<p>Die seit 2006 in Deutschland b\u00f6rsennotierte Firmengruppe entwickelt und produziert in Deutschland, der Slowakei, Ungarn, Italien, China und Taiwan. Vertriebs- und Service-Niederlassungen gibt es dar\u00fcber hinaus in den USA und Indien. Weltweit besch\u00e4ftigt die Manz AG aktuell rund 1.600 Mitarbeiter, davon rund die H\u00e4lfte in der f\u00fcr die Zielbranchen des Unternehmens ma\u00dfgeblichen Region Asien. Der Umsatz der Manz-Gruppe betrug im Gesch\u00e4ftsjahr 2019 rund 264 Millionen Euro.<\/p>\n<p><strong>Kontakt<\/strong><\/p>\n<p>Manz AG<br \/>\nAxel Bartmann<br \/>\nTel.: +49 (0)7121 \u2013 9000-395<br \/>\nFax: +49 (0)7121 \u2013 9000-99<br \/>\nE-Mail: <a href=\"mailto:abartmann@manz.com\">abartmann@manz.com<\/a><\/p>\n<p>cometis AG<br \/>\nClaudius Krause<br \/>\nTel.: +49 (0)611 \u2013 205855-28<br \/>\nFax: +49 (0)611 \u2013 205855-66<br \/>\nE-Mail: <a href=\"mailto:krause@cometis.de\">krause@cometis.de<\/a><\/p>\n<div class=\"leseprobe-archiv\"><a title=\"Beitrag als PDF\" href=\"https:\/\/cometis.de\/wp-content\/uploads\/2020\/06\/d_200630_CN_HV.pdf\" target=\"_blank\" rel=\"noopener noreferrer\">Beitrag als PDF<\/a><\/div>\n<style> .leseprobe-archiv {color: #00225f !important; border-color: #00225f; position: relative; padding: 0.3em 1em; border: 1px solid; -webkit-border-radius: 3px; -moz-border-radius: 3px; border-radius: 3px; -webkit-transition: all 0.2s; -moz-transition: all 0.2s; transition: all 0.2s; padding:10px; width: 19%; text-align: center; margin-right: 10px; float:left;} .leseprobe-archiv:hover {background-color: #eee; border-color: #ffffff; cursor: pointer;}<\/style>\n","protected":false},"excerpt":{"rendered":"<p>Die Manz AG, weltweit agierender Hightech-Maschinenbauer mit umfassendem Technologieportfolio, hat am heutigen Dienstag erfolgreich ihre ordentliche Hauptversammlung 2020 abgehalten.<\/p>\n","protected":false},"author":2,"featured_media":98872,"comment_status":"closed","ping_status":"open","sticky":false,"template":"","format":"standard","meta":{"_acf_changed":false,"footnotes":""},"categories":[125,88],"tags":[271],"class_list":["post-32838","post","type-post","status-publish","format-standard","has-post-thumbnail","hentry","category-manz-ag-corporate-news","category-news","tag-271"],"acf":[],"yoast_head":"<!-- This site is optimized with the Yoast SEO Premium plugin v26.2 (Yoast SEO v27.4) - https:\/\/yoast.com\/product\/yoast-seo-premium-wordpress\/ -->\n<title>30. Juni 2020 | Manz AG h\u00e4lt erste virtuelle Hauptversammlung erfolgreich ab - cometis AG<\/title>\n<meta name=\"robots\" content=\"index, follow, max-snippet:-1, max-image-preview:large, max-video-preview:-1\" \/>\n<link rel=\"canonical\" href=\"https:\/\/www.cometis.de\/de\/span-id2020-classpostdate30-juni-2020-manz-ag-haelt-erste-virtuelle-hauptversammlung-erfolgreich-ab\/\" \/>\n<meta property=\"og:locale\" content=\"de_DE\" \/>\n<meta property=\"og:type\" content=\"article\" \/>\n<meta property=\"og:title\" content=\"30. Juni 2020 | Manz AG h\u00e4lt erste virtuelle Hauptversammlung erfolgreich ab\" \/>\n<meta property=\"og:description\" content=\"Die Manz AG, weltweit agierender Hightech-Maschinenbauer mit umfassendem Technologieportfolio, hat am heutigen Dienstag erfolgreich ihre ordentliche Hauptversammlung 2020 abgehalten.\" \/>\n<meta property=\"og:url\" content=\"https:\/\/www.cometis.de\/de\/span-id2020-classpostdate30-juni-2020-manz-ag-haelt-erste-virtuelle-hauptversammlung-erfolgreich-ab\/\" \/>\n<meta property=\"og:site_name\" content=\"cometis AG\" \/>\n<meta property=\"article:published_time\" content=\"2020-06-30T13:06:51+00:00\" \/>\n<meta property=\"article:modified_time\" content=\"2025-01-29T13:03:58+00:00\" \/>\n<meta property=\"og:image\" content=\"https:\/\/www.cometis.de\/wp-content\/uploads\/2024\/12-old\/Cometis-Mobile-Logo-1.png\" \/>\n\t<meta property=\"og:image:width\" content=\"171\" \/>\n\t<meta property=\"og:image:height\" content=\"31\" \/>\n\t<meta property=\"og:image:type\" content=\"image\/png\" \/>\n<meta name=\"author\" content=\"Assistenz cometis AG\" \/>\n<meta name=\"twitter:card\" content=\"summary_large_image\" \/>\n<meta name=\"twitter:label1\" content=\"Verfasst von\" \/>\n\t<meta name=\"twitter:data1\" content=\"Assistenz cometis AG\" \/>\n\t<meta name=\"twitter:label2\" content=\"Gesch\u00e4tzte Lesezeit\" \/>\n\t<meta name=\"twitter:data2\" content=\"4\u00a0Minuten\" \/>\n<script type=\"application\/ld+json\" class=\"yoast-schema-graph\">{\"@context\":\"https:\\\/\\\/schema.org\",\"@graph\":[{\"@type\":\"Article\",\"@id\":\"https:\\\/\\\/www.cometis.de\\\/de\\\/span-id2020-classpostdate30-juni-2020-manz-ag-haelt-erste-virtuelle-hauptversammlung-erfolgreich-ab\\\/#article\",\"isPartOf\":{\"@id\":\"https:\\\/\\\/www.cometis.de\\\/de\\\/span-id2020-classpostdate30-juni-2020-manz-ag-haelt-erste-virtuelle-hauptversammlung-erfolgreich-ab\\\/\"},\"author\":{\"name\":\"Assistenz cometis AG\",\"@id\":\"https:\\\/\\\/www.cometis.de\\\/de\\\/#\\\/schema\\\/person\\\/5359bae3178840cd846706150aa69cd1\"},\"headline\":\"30. Juni 2020 | Manz AG h\u00e4lt erste virtuelle Hauptversammlung erfolgreich ab\",\"datePublished\":\"2020-06-30T13:06:51+00:00\",\"dateModified\":\"2025-01-29T13:03:58+00:00\",\"mainEntityOfPage\":{\"@id\":\"https:\\\/\\\/www.cometis.de\\\/de\\\/span-id2020-classpostdate30-juni-2020-manz-ag-haelt-erste-virtuelle-hauptversammlung-erfolgreich-ab\\\/\"},\"wordCount\":559,\"publisher\":{\"@id\":\"https:\\\/\\\/www.cometis.de\\\/de\\\/#organization\"},\"image\":{\"@id\":\"https:\\\/\\\/www.cometis.de\\\/de\\\/span-id2020-classpostdate30-juni-2020-manz-ag-haelt-erste-virtuelle-hauptversammlung-erfolgreich-ab\\\/#primaryimage\"},\"thumbnailUrl\":\"https:\\\/\\\/www.cometis.de\\\/wp-content\\\/uploads\\\/2022\\\/06\\\/icon_newsroom.svg\",\"keywords\":[\"2020\"],\"articleSection\":[\"Manz AG Corporate News\",\"News\"],\"inLanguage\":\"de\"},{\"@type\":\"WebPage\",\"@id\":\"https:\\\/\\\/www.cometis.de\\\/de\\\/span-id2020-classpostdate30-juni-2020-manz-ag-haelt-erste-virtuelle-hauptversammlung-erfolgreich-ab\\\/\",\"url\":\"https:\\\/\\\/www.cometis.de\\\/de\\\/span-id2020-classpostdate30-juni-2020-manz-ag-haelt-erste-virtuelle-hauptversammlung-erfolgreich-ab\\\/\",\"name\":\"30. Juni 2020 | Manz AG h\u00e4lt erste virtuelle Hauptversammlung erfolgreich ab - cometis AG\",\"isPartOf\":{\"@id\":\"https:\\\/\\\/www.cometis.de\\\/de\\\/#website\"},\"primaryImageOfPage\":{\"@id\":\"https:\\\/\\\/www.cometis.de\\\/de\\\/span-id2020-classpostdate30-juni-2020-manz-ag-haelt-erste-virtuelle-hauptversammlung-erfolgreich-ab\\\/#primaryimage\"},\"image\":{\"@id\":\"https:\\\/\\\/www.cometis.de\\\/de\\\/span-id2020-classpostdate30-juni-2020-manz-ag-haelt-erste-virtuelle-hauptversammlung-erfolgreich-ab\\\/#primaryimage\"},\"thumbnailUrl\":\"https:\\\/\\\/www.cometis.de\\\/wp-content\\\/uploads\\\/2022\\\/06\\\/icon_newsroom.svg\",\"datePublished\":\"2020-06-30T13:06:51+00:00\",\"dateModified\":\"2025-01-29T13:03:58+00:00\",\"breadcrumb\":{\"@id\":\"https:\\\/\\\/www.cometis.de\\\/de\\\/span-id2020-classpostdate30-juni-2020-manz-ag-haelt-erste-virtuelle-hauptversammlung-erfolgreich-ab\\\/#breadcrumb\"},\"inLanguage\":\"de\",\"potentialAction\":[{\"@type\":\"ReadAction\",\"target\":[\"https:\\\/\\\/www.cometis.de\\\/de\\\/span-id2020-classpostdate30-juni-2020-manz-ag-haelt-erste-virtuelle-hauptversammlung-erfolgreich-ab\\\/\"]}]},{\"@type\":\"ImageObject\",\"inLanguage\":\"de\",\"@id\":\"https:\\\/\\\/www.cometis.de\\\/de\\\/span-id2020-classpostdate30-juni-2020-manz-ag-haelt-erste-virtuelle-hauptversammlung-erfolgreich-ab\\\/#primaryimage\",\"url\":\"https:\\\/\\\/www.cometis.de\\\/wp-content\\\/uploads\\\/2022\\\/06\\\/icon_newsroom.svg\",\"contentUrl\":\"https:\\\/\\\/www.cometis.de\\\/wp-content\\\/uploads\\\/2022\\\/06\\\/icon_newsroom.svg\",\"width\":172,\"height\":172},{\"@type\":\"BreadcrumbList\",\"@id\":\"https:\\\/\\\/www.cometis.de\\\/de\\\/span-id2020-classpostdate30-juni-2020-manz-ag-haelt-erste-virtuelle-hauptversammlung-erfolgreich-ab\\\/#breadcrumb\",\"itemListElement\":[{\"@type\":\"ListItem\",\"position\":1,\"name\":\"Home\",\"item\":\"https:\\\/\\\/www.cometis.de\\\/de\\\/\"},{\"@type\":\"ListItem\",\"position\":2,\"name\":\"Pressemitteilung\",\"item\":\"https:\\\/\\\/www.cometis.de\\\/de\\\/tag\\\/pressemitteilung\\\/\"},{\"@type\":\"ListItem\",\"position\":3,\"name\":\"30. Juni 2020 | Manz AG h\u00e4lt erste virtuelle Hauptversammlung erfolgreich ab\"}]},{\"@type\":\"WebSite\",\"@id\":\"https:\\\/\\\/www.cometis.de\\\/de\\\/#website\",\"url\":\"https:\\\/\\\/www.cometis.de\\\/de\\\/\",\"name\":\"cometis AG\",\"description\":\"Deutschlands f\u00fchrende Investor Relations Agentur\",\"publisher\":{\"@id\":\"https:\\\/\\\/www.cometis.de\\\/de\\\/#organization\"},\"potentialAction\":[{\"@type\":\"SearchAction\",\"target\":{\"@type\":\"EntryPoint\",\"urlTemplate\":\"https:\\\/\\\/www.cometis.de\\\/de\\\/?s={search_term_string}\"},\"query-input\":{\"@type\":\"PropertyValueSpecification\",\"valueRequired\":true,\"valueName\":\"search_term_string\"}}],\"inLanguage\":\"de\"},{\"@type\":\"Organization\",\"@id\":\"https:\\\/\\\/www.cometis.de\\\/de\\\/#organization\",\"name\":\"cometis AG\",\"alternateName\":\"Deutschlands f\u00fchrende Investor Relations Agentur\",\"url\":\"https:\\\/\\\/www.cometis.de\\\/de\\\/\",\"logo\":{\"@type\":\"ImageObject\",\"inLanguage\":\"de\",\"@id\":\"https:\\\/\\\/www.cometis.de\\\/de\\\/#\\\/schema\\\/logo\\\/image\\\/\",\"url\":\"https:\\\/\\\/www.cometis.de\\\/wp-content\\\/uploads\\\/2024\\\/12-old\\\/Cometis-Mobile-Logo-1.png\",\"contentUrl\":\"https:\\\/\\\/www.cometis.de\\\/wp-content\\\/uploads\\\/2024\\\/12-old\\\/Cometis-Mobile-Logo-1.png\",\"width\":171,\"height\":31,\"caption\":\"cometis AG\"},\"image\":{\"@id\":\"https:\\\/\\\/www.cometis.de\\\/de\\\/#\\\/schema\\\/logo\\\/image\\\/\"},\"sameAs\":[\"https:\\\/\\\/www.linkedin.com\\\/company\\\/cometis-ag\\\/\",\"https:\\\/\\\/www.youtube.com\\\/user\\\/cometisAG\"]},{\"@type\":\"Person\",\"@id\":\"https:\\\/\\\/www.cometis.de\\\/de\\\/#\\\/schema\\\/person\\\/5359bae3178840cd846706150aa69cd1\",\"name\":\"Assistenz cometis AG\",\"image\":{\"@type\":\"ImageObject\",\"inLanguage\":\"de\",\"@id\":\"https:\\\/\\\/secure.gravatar.com\\\/avatar\\\/43da04bfaca4f56c43243bf29c1e464e0dbbc04dfd398bead7b5594ba02bcec9?s=96&d=mm&r=g\",\"url\":\"https:\\\/\\\/secure.gravatar.com\\\/avatar\\\/43da04bfaca4f56c43243bf29c1e464e0dbbc04dfd398bead7b5594ba02bcec9?s=96&d=mm&r=g\",\"contentUrl\":\"https:\\\/\\\/secure.gravatar.com\\\/avatar\\\/43da04bfaca4f56c43243bf29c1e464e0dbbc04dfd398bead7b5594ba02bcec9?s=96&d=mm&r=g\",\"caption\":\"Assistenz cometis AG\"},\"url\":\"https:\\\/\\\/www.cometis.de\\\/de\\\/author\\\/assistenz-cometis-ag\\\/\"}]}<\/script>\n<!-- \/ Yoast SEO Premium plugin. -->","yoast_head_json":{"title":"30. Juni 2020 | Manz AG h\u00e4lt erste virtuelle Hauptversammlung erfolgreich ab - cometis AG","robots":{"index":"index","follow":"follow","max-snippet":"max-snippet:-1","max-image-preview":"max-image-preview:large","max-video-preview":"max-video-preview:-1"},"canonical":"https:\/\/www.cometis.de\/de\/span-id2020-classpostdate30-juni-2020-manz-ag-haelt-erste-virtuelle-hauptversammlung-erfolgreich-ab\/","og_locale":"de_DE","og_type":"article","og_title":"30. Juni 2020 | Manz AG h\u00e4lt erste virtuelle Hauptversammlung erfolgreich ab","og_description":"Die Manz AG, weltweit agierender Hightech-Maschinenbauer mit umfassendem Technologieportfolio, hat am heutigen Dienstag erfolgreich ihre ordentliche Hauptversammlung 2020 abgehalten.","og_url":"https:\/\/www.cometis.de\/de\/span-id2020-classpostdate30-juni-2020-manz-ag-haelt-erste-virtuelle-hauptversammlung-erfolgreich-ab\/","og_site_name":"cometis AG","article_published_time":"2020-06-30T13:06:51+00:00","article_modified_time":"2025-01-29T13:03:58+00:00","og_image":[{"width":171,"height":31,"url":"https:\/\/www.cometis.de\/wp-content\/uploads\/2024\/12-old\/Cometis-Mobile-Logo-1.png","type":"image\/png"}],"author":"Assistenz cometis AG","twitter_card":"summary_large_image","twitter_misc":{"Verfasst von":"Assistenz cometis AG","Gesch\u00e4tzte Lesezeit":"4\u00a0Minuten"},"schema":{"@context":"https:\/\/schema.org","@graph":[{"@type":"Article","@id":"https:\/\/www.cometis.de\/de\/span-id2020-classpostdate30-juni-2020-manz-ag-haelt-erste-virtuelle-hauptversammlung-erfolgreich-ab\/#article","isPartOf":{"@id":"https:\/\/www.cometis.de\/de\/span-id2020-classpostdate30-juni-2020-manz-ag-haelt-erste-virtuelle-hauptversammlung-erfolgreich-ab\/"},"author":{"name":"Assistenz cometis AG","@id":"https:\/\/www.cometis.de\/de\/#\/schema\/person\/5359bae3178840cd846706150aa69cd1"},"headline":"30. Juni 2020 | Manz AG h\u00e4lt erste virtuelle Hauptversammlung erfolgreich ab","datePublished":"2020-06-30T13:06:51+00:00","dateModified":"2025-01-29T13:03:58+00:00","mainEntityOfPage":{"@id":"https:\/\/www.cometis.de\/de\/span-id2020-classpostdate30-juni-2020-manz-ag-haelt-erste-virtuelle-hauptversammlung-erfolgreich-ab\/"},"wordCount":559,"publisher":{"@id":"https:\/\/www.cometis.de\/de\/#organization"},"image":{"@id":"https:\/\/www.cometis.de\/de\/span-id2020-classpostdate30-juni-2020-manz-ag-haelt-erste-virtuelle-hauptversammlung-erfolgreich-ab\/#primaryimage"},"thumbnailUrl":"https:\/\/www.cometis.de\/wp-content\/uploads\/2022\/06\/icon_newsroom.svg","keywords":["2020"],"articleSection":["Manz AG Corporate News","News"],"inLanguage":"de"},{"@type":"WebPage","@id":"https:\/\/www.cometis.de\/de\/span-id2020-classpostdate30-juni-2020-manz-ag-haelt-erste-virtuelle-hauptversammlung-erfolgreich-ab\/","url":"https:\/\/www.cometis.de\/de\/span-id2020-classpostdate30-juni-2020-manz-ag-haelt-erste-virtuelle-hauptversammlung-erfolgreich-ab\/","name":"30. Juni 2020 | Manz AG h\u00e4lt erste virtuelle Hauptversammlung erfolgreich ab - cometis AG","isPartOf":{"@id":"https:\/\/www.cometis.de\/de\/#website"},"primaryImageOfPage":{"@id":"https:\/\/www.cometis.de\/de\/span-id2020-classpostdate30-juni-2020-manz-ag-haelt-erste-virtuelle-hauptversammlung-erfolgreich-ab\/#primaryimage"},"image":{"@id":"https:\/\/www.cometis.de\/de\/span-id2020-classpostdate30-juni-2020-manz-ag-haelt-erste-virtuelle-hauptversammlung-erfolgreich-ab\/#primaryimage"},"thumbnailUrl":"https:\/\/www.cometis.de\/wp-content\/uploads\/2022\/06\/icon_newsroom.svg","datePublished":"2020-06-30T13:06:51+00:00","dateModified":"2025-01-29T13:03:58+00:00","breadcrumb":{"@id":"https:\/\/www.cometis.de\/de\/span-id2020-classpostdate30-juni-2020-manz-ag-haelt-erste-virtuelle-hauptversammlung-erfolgreich-ab\/#breadcrumb"},"inLanguage":"de","potentialAction":[{"@type":"ReadAction","target":["https:\/\/www.cometis.de\/de\/span-id2020-classpostdate30-juni-2020-manz-ag-haelt-erste-virtuelle-hauptversammlung-erfolgreich-ab\/"]}]},{"@type":"ImageObject","inLanguage":"de","@id":"https:\/\/www.cometis.de\/de\/span-id2020-classpostdate30-juni-2020-manz-ag-haelt-erste-virtuelle-hauptversammlung-erfolgreich-ab\/#primaryimage","url":"https:\/\/www.cometis.de\/wp-content\/uploads\/2022\/06\/icon_newsroom.svg","contentUrl":"https:\/\/www.cometis.de\/wp-content\/uploads\/2022\/06\/icon_newsroom.svg","width":172,"height":172},{"@type":"BreadcrumbList","@id":"https:\/\/www.cometis.de\/de\/span-id2020-classpostdate30-juni-2020-manz-ag-haelt-erste-virtuelle-hauptversammlung-erfolgreich-ab\/#breadcrumb","itemListElement":[{"@type":"ListItem","position":1,"name":"Home","item":"https:\/\/www.cometis.de\/de\/"},{"@type":"ListItem","position":2,"name":"Pressemitteilung","item":"https:\/\/www.cometis.de\/de\/tag\/pressemitteilung\/"},{"@type":"ListItem","position":3,"name":"30. Juni 2020 | Manz AG h\u00e4lt erste virtuelle Hauptversammlung erfolgreich ab"}]},{"@type":"WebSite","@id":"https:\/\/www.cometis.de\/de\/#website","url":"https:\/\/www.cometis.de\/de\/","name":"cometis AG","description":"Deutschlands f\u00fchrende Investor Relations Agentur","publisher":{"@id":"https:\/\/www.cometis.de\/de\/#organization"},"potentialAction":[{"@type":"SearchAction","target":{"@type":"EntryPoint","urlTemplate":"https:\/\/www.cometis.de\/de\/?s={search_term_string}"},"query-input":{"@type":"PropertyValueSpecification","valueRequired":true,"valueName":"search_term_string"}}],"inLanguage":"de"},{"@type":"Organization","@id":"https:\/\/www.cometis.de\/de\/#organization","name":"cometis AG","alternateName":"Deutschlands f\u00fchrende Investor Relations Agentur","url":"https:\/\/www.cometis.de\/de\/","logo":{"@type":"ImageObject","inLanguage":"de","@id":"https:\/\/www.cometis.de\/de\/#\/schema\/logo\/image\/","url":"https:\/\/www.cometis.de\/wp-content\/uploads\/2024\/12-old\/Cometis-Mobile-Logo-1.png","contentUrl":"https:\/\/www.cometis.de\/wp-content\/uploads\/2024\/12-old\/Cometis-Mobile-Logo-1.png","width":171,"height":31,"caption":"cometis AG"},"image":{"@id":"https:\/\/www.cometis.de\/de\/#\/schema\/logo\/image\/"},"sameAs":["https:\/\/www.linkedin.com\/company\/cometis-ag\/","https:\/\/www.youtube.com\/user\/cometisAG"]},{"@type":"Person","@id":"https:\/\/www.cometis.de\/de\/#\/schema\/person\/5359bae3178840cd846706150aa69cd1","name":"Assistenz cometis AG","image":{"@type":"ImageObject","inLanguage":"de","@id":"https:\/\/secure.gravatar.com\/avatar\/43da04bfaca4f56c43243bf29c1e464e0dbbc04dfd398bead7b5594ba02bcec9?s=96&d=mm&r=g","url":"https:\/\/secure.gravatar.com\/avatar\/43da04bfaca4f56c43243bf29c1e464e0dbbc04dfd398bead7b5594ba02bcec9?s=96&d=mm&r=g","contentUrl":"https:\/\/secure.gravatar.com\/avatar\/43da04bfaca4f56c43243bf29c1e464e0dbbc04dfd398bead7b5594ba02bcec9?s=96&d=mm&r=g","caption":"Assistenz cometis AG"},"url":"https:\/\/www.cometis.de\/de\/author\/assistenz-cometis-ag\/"}]}},"_links":{"self":[{"href":"https:\/\/www.cometis.de\/de\/wp-json\/wp\/v2\/posts\/32838","targetHints":{"allow":["GET"]}}],"collection":[{"href":"https:\/\/www.cometis.de\/de\/wp-json\/wp\/v2\/posts"}],"about":[{"href":"https:\/\/www.cometis.de\/de\/wp-json\/wp\/v2\/types\/post"}],"author":[{"embeddable":true,"href":"https:\/\/www.cometis.de\/de\/wp-json\/wp\/v2\/users\/2"}],"replies":[{"embeddable":true,"href":"https:\/\/www.cometis.de\/de\/wp-json\/wp\/v2\/comments?post=32838"}],"version-history":[{"count":0,"href":"https:\/\/www.cometis.de\/de\/wp-json\/wp\/v2\/posts\/32838\/revisions"}],"wp:featuredmedia":[{"embeddable":true,"href":"https:\/\/www.cometis.de\/de\/wp-json\/wp\/v2\/media\/98872"}],"wp:attachment":[{"href":"https:\/\/www.cometis.de\/de\/wp-json\/wp\/v2\/media?parent=32838"}],"wp:term":[{"taxonomy":"category","embeddable":true,"href":"https:\/\/www.cometis.de\/de\/wp-json\/wp\/v2\/categories?post=32838"},{"taxonomy":"post_tag","embeddable":true,"href":"https:\/\/www.cometis.de\/de\/wp-json\/wp\/v2\/tags?post=32838"}],"curies":[{"name":"wp","href":"https:\/\/api.w.org\/{rel}","templated":true}]}}